{"id":1185,"date":"2025-02-13T10:46:44","date_gmt":"2025-02-13T09:46:44","guid":{"rendered":"https:\/\/tomago.net\/wordpress\/?p=1185"},"modified":"2025-11-16T09:56:22","modified_gmt":"2025-11-16T08:56:22","slug":"tomago-radionica-11-veljace-2025-na-trgu-bana-jelacica-u-zagrebu","status":"publish","type":"post","link":"https:\/\/tomago.net\/wordpress\/tomago-radionica-11-veljace-2025-na-trgu-bana-jelacica-u-zagrebu\/","title":{"rendered":"toMAgo radionica 11. velja\u010de 2025. na trgu Bana Jela\u010di\u0107a u Zagrebu"},"content":{"rendered":"\r\n<p class=\"wp-block-paragraph\">Dok se Marija Igaly oporavlja od posljednje nezgode, njezine vrijedne prijateljice nastavljaju s toMAgo radionicama u centru Zagreba. Hvala im na brizi za Mariju i na ljubavi s kojom promoviraju ovu likovnu tehniku!<\/p>\r\n\r\n\r\n\r\n<p class=\"wp-block-paragraph\">Radionice se odr\u017eavaju svakog utorka od 10:30 sati u prostorijama Udruge hrvatskih ratnih veterana u Zagrebu, Trg bana Jela\u010di\u0107a 15 (dvori\u0161te desno). Sudjelovanje je besplatno i svi su dobrodo\u0161li!<\/p>\r\n\r\n\r\n\r\n<figure class=\"wp-block-image size-large\"><img decoding=\"async\" class=\"wp-image-1186\" src=\"https:\/\/tomago.net\/wordpress\/wp-content\/uploads\/2025\/02\/image-1024x709.png\" alt=\"\" \/><\/figure>\r\n","protected":false},"excerpt":{"rendered":"<p>Dok se Marija Igaly oporavlja od posljednje nezgode, njezine vrijedne prijateljice nastavljaju s toMAgo radionicama u centru Zagreba. Hvala im [&hellip;]<\/p>\n","protected":false},"author":1,"featured_media":1186,"comment_status":"closed","ping_status":"closed","sticky":false,"template":"","format":"standard","meta":{"_crdt_document":"","site-sidebar-layout":"default","site-content-layout":"","ast-site-content-layout":"default","site-content-style":"default","site-sidebar-style":"default","ast-global-header-display":"","ast-banner-title-visibility":"","ast-main-header-display":"","ast-hfb-above-header-display":"","ast-hfb-below-header-display":"","ast-hfb-mobile-header-display":"","site-post-title":"","ast-breadcrumbs-content":"","ast-featured-img":"","footer-sml-layout":"","theme-transparent-header-meta":"default","adv-header-id-meta":"","stick-header-meta":"","header-above-stick-meta":"","header-main-stick-meta":"","header-below-stick-meta":"","astra-migrate-meta-layouts":"set","ast-page-background-enabled":"default","ast-page-background-meta":{"desktop":{"background-color":"var(--ast-global-color-5)","background-image":"","background-repeat":"repeat","background-position":"center center","background-size":"auto","background-attachment":"scroll","background-type":"","background-media":"","overlay-type":"","overlay-color":"","overlay-opacity":"","overlay-gradient":""},"tablet":{"background-color":"","background-image":"","background-repeat":"repeat","background-position":"center center","background-size":"auto","background-attachment":"scroll","background-type":"","background-media":"","overlay-type":"","overlay-color":"","overlay-opacity":"","overlay-gradient":""},"mobile":{"background-color":"","background-image":"","background-repeat":"repeat","background-position":"center center","background-size":"auto","background-attachment":"scroll","background-type":"","background-media":"","overlay-type":"","overlay-color":"","overlay-opacity":"","overlay-gradient":""}},"ast-content-background-meta":{"desktop":{"background-color":"var(--ast-global-color-4)","background-image":"","background-repeat":"repeat","background-position":"center center","background-size":"auto","background-attachment":"scroll","background-type":"","background-media":"","overlay-type":"","overlay-color":"","overlay-opacity":"","overlay-gradient":""},"tablet":{"background-color":"var(--ast-global-color-4)","background-image":"","background-repeat":"repeat","background-position":"center center","background-size":"auto","background-attachment":"scroll","background-type":"","background-media":"","overlay-type":"","overlay-color":"","overlay-opacity":"","overlay-gradient":""},"mobile":{"background-color":"var(--ast-global-color-4)","background-image":"","background-repeat":"repeat","background-position":"center center","background-size":"auto","background-attachment":"scroll","background-type":"","background-media":"","overlay-type":"","overlay-color":"","overlay-opacity":"","overlay-gradient":""}},"two_page_speed":[],"footnotes":""},"categories":[1,2],"tags":[],"class_list":["post-1185","post","type-post","status-publish","format-standard","has-post-thumbnail","hentry","category-nekategorizirano-hr","category-radionice"],"yoast_head":"<!-- This site is optimized with the Yoast SEO plugin v27.4 - https:\/\/yoast.com\/product\/yoast-seo-wordpress\/ -->\n<title>toMAgo radionica 11. velja\u010de 2025. na trgu Bana Jela\u010di\u0107a u Zagrebu - toMAgo<\/title>\n<meta name=\"robots\" content=\"index, follow, max-snippet:-1, max-image-preview:large, max-video-preview:-1\" \/>\n<link rel=\"canonical\" href=\"https:\/\/tomago.net\/wordpress\/tomago-radionica-11-veljace-2025-na-trgu-bana-jelacica-u-zagrebu\/\" \/>\n<meta property=\"og:locale\" content=\"hr_HR\" \/>\n<meta property=\"og:type\" content=\"article\" \/>\n<meta property=\"og:title\" content=\"toMAgo radionica 11. velja\u010de 2025. na trgu Bana Jela\u010di\u0107a u Zagrebu - toMAgo\" \/>\n<meta property=\"og:description\" content=\"Dok se Marija Igaly oporavlja od posljednje nezgode, njezine vrijedne prijateljice nastavljaju s toMAgo radionicama u centru Zagreba. Hvala im [&hellip;]\" \/>\n<meta property=\"og:url\" content=\"https:\/\/tomago.net\/wordpress\/tomago-radionica-11-veljace-2025-na-trgu-bana-jelacica-u-zagrebu\/\" \/>\n<meta property=\"og:site_name\" content=\"toMAgo\" \/>\n<meta property=\"article:published_time\" content=\"2025-02-13T09:46:44+00:00\" \/>\n<meta property=\"article:modified_time\" content=\"2025-11-16T08:56:22+00:00\" \/>\n<meta property=\"og:image\" content=\"https:\/\/tomago.net\/wordpress\/wp-content\/uploads\/2025\/02\/image-1024x709.png\" \/>\n\t<meta property=\"og:image:width\" content=\"1024\" \/>\n\t<meta property=\"og:image:height\" content=\"709\" \/>\n\t<meta property=\"og:image:type\" content=\"image\/png\" \/>\n<meta name=\"author\" content=\"gigaly\" \/>\n<meta name=\"twitter:card\" content=\"summary_large_image\" \/>\n<meta name=\"twitter:label1\" content=\"Napisao\/la\" \/>\n\t<meta name=\"twitter:data1\" content=\"gigaly\" \/>\n\t<meta name=\"twitter:label2\" content=\"Procijenjeno vrijeme \u010ditanja\" \/>\n\t<meta name=\"twitter:data2\" content=\"1 minuta\" \/>\n<script type=\"application\/ld+json\" class=\"yoast-schema-graph\">{\"@context\":\"https:\\\/\\\/schema.org\",\"@graph\":[{\"@type\":\"Article\",\"@id\":\"https:\\\/\\\/tomago.net\\\/wordpress\\\/tomago-radionica-11-veljace-2025-na-trgu-bana-jelacica-u-zagrebu\\\/#article\",\"isPartOf\":{\"@id\":\"https:\\\/\\\/tomago.net\\\/wordpress\\\/tomago-radionica-11-veljace-2025-na-trgu-bana-jelacica-u-zagrebu\\\/\"},\"author\":{\"name\":\"gigaly\",\"@id\":\"https:\\\/\\\/tomago.net\\\/wordpress\\\/#\\\/schema\\\/person\\\/0cea4facb1a1b958c7b369f25c79d242\"},\"headline\":\"toMAgo radionica 11. velja\u010de 2025. na trgu Bana Jela\u010di\u0107a u Zagrebu\",\"datePublished\":\"2025-02-13T09:46:44+00:00\",\"dateModified\":\"2025-11-16T08:56:22+00:00\",\"mainEntityOfPage\":{\"@id\":\"https:\\\/\\\/tomago.net\\\/wordpress\\\/tomago-radionica-11-veljace-2025-na-trgu-bana-jelacica-u-zagrebu\\\/\"},\"wordCount\":77,\"publisher\":{\"@id\":\"https:\\\/\\\/tomago.net\\\/wordpress\\\/#\\\/schema\\\/person\\\/0cea4facb1a1b958c7b369f25c79d242\"},\"image\":{\"@id\":\"https:\\\/\\\/tomago.net\\\/wordpress\\\/tomago-radionica-11-veljace-2025-na-trgu-bana-jelacica-u-zagrebu\\\/#primaryimage\"},\"thumbnailUrl\":\"https:\\\/\\\/tomago.net\\\/wordpress\\\/wp-content\\\/uploads\\\/2025\\\/02\\\/image.png\",\"articleSection\":{\"1\":\"Radionice\"},\"inLanguage\":\"hr\"},{\"@type\":\"WebPage\",\"@id\":\"https:\\\/\\\/tomago.net\\\/wordpress\\\/tomago-radionica-11-veljace-2025-na-trgu-bana-jelacica-u-zagrebu\\\/\",\"url\":\"https:\\\/\\\/tomago.net\\\/wordpress\\\/tomago-radionica-11-veljace-2025-na-trgu-bana-jelacica-u-zagrebu\\\/\",\"name\":\"toMAgo radionica 11. velja\u010de 2025. na trgu Bana Jela\u010di\u0107a u Zagrebu - toMAgo\",\"isPartOf\":{\"@id\":\"https:\\\/\\\/tomago.net\\\/wordpress\\\/#website\"},\"primaryImageOfPage\":{\"@id\":\"https:\\\/\\\/tomago.net\\\/wordpress\\\/tomago-radionica-11-veljace-2025-na-trgu-bana-jelacica-u-zagrebu\\\/#primaryimage\"},\"image\":{\"@id\":\"https:\\\/\\\/tomago.net\\\/wordpress\\\/tomago-radionica-11-veljace-2025-na-trgu-bana-jelacica-u-zagrebu\\\/#primaryimage\"},\"thumbnailUrl\":\"https:\\\/\\\/tomago.net\\\/wordpress\\\/wp-content\\\/uploads\\\/2025\\\/02\\\/image.png\",\"datePublished\":\"2025-02-13T09:46:44+00:00\",\"dateModified\":\"2025-11-16T08:56:22+00:00\",\"breadcrumb\":{\"@id\":\"https:\\\/\\\/tomago.net\\\/wordpress\\\/tomago-radionica-11-veljace-2025-na-trgu-bana-jelacica-u-zagrebu\\\/#breadcrumb\"},\"inLanguage\":\"hr\",\"potentialAction\":[{\"@type\":\"ReadAction\",\"target\":[\"https:\\\/\\\/tomago.net\\\/wordpress\\\/tomago-radionica-11-veljace-2025-na-trgu-bana-jelacica-u-zagrebu\\\/\"]}]},{\"@type\":\"ImageObject\",\"inLanguage\":\"hr\",\"@id\":\"https:\\\/\\\/tomago.net\\\/wordpress\\\/tomago-radionica-11-veljace-2025-na-trgu-bana-jelacica-u-zagrebu\\\/#primaryimage\",\"url\":\"https:\\\/\\\/tomago.net\\\/wordpress\\\/wp-content\\\/uploads\\\/2025\\\/02\\\/image.png\",\"contentUrl\":\"https:\\\/\\\/tomago.net\\\/wordpress\\\/wp-content\\\/uploads\\\/2025\\\/02\\\/image.png\",\"width\":1447,\"height\":1002},{\"@type\":\"BreadcrumbList\",\"@id\":\"https:\\\/\\\/tomago.net\\\/wordpress\\\/tomago-radionica-11-veljace-2025-na-trgu-bana-jelacica-u-zagrebu\\\/#breadcrumb\",\"itemListElement\":[{\"@type\":\"ListItem\",\"position\":1,\"name\":\"Po\u010detna stranica\",\"item\":\"https:\\\/\\\/tomago.net\\\/wordpress\\\/\"},{\"@type\":\"ListItem\",\"position\":2,\"name\":\"toMAgo radionica 11. velja\u010de 2025. na trgu Bana Jela\u010di\u0107a u Zagrebu\"}]},{\"@type\":\"WebSite\",\"@id\":\"https:\\\/\\\/tomago.net\\\/wordpress\\\/#website\",\"url\":\"https:\\\/\\\/tomago.net\\\/wordpress\\\/\",\"name\":\"toMAgo\",\"description\":\"\u010dudesan svijet latica\",\"publisher\":{\"@id\":\"https:\\\/\\\/tomago.net\\\/wordpress\\\/#\\\/schema\\\/person\\\/0cea4facb1a1b958c7b369f25c79d242\"},\"potentialAction\":[{\"@type\":\"SearchAction\",\"target\":{\"@type\":\"EntryPoint\",\"urlTemplate\":\"https:\\\/\\\/tomago.net\\\/wordpress\\\/?s={search_term_string}\"},\"query-input\":{\"@type\":\"PropertyValueSpecification\",\"valueRequired\":true,\"valueName\":\"search_term_string\"}}],\"inLanguage\":\"hr\"},{\"@type\":[\"Person\",\"Organization\"],\"@id\":\"https:\\\/\\\/tomago.net\\\/wordpress\\\/#\\\/schema\\\/person\\\/0cea4facb1a1b958c7b369f25c79d242\",\"name\":\"gigaly\",\"image\":{\"@type\":\"ImageObject\",\"inLanguage\":\"hr\",\"@id\":\"https:\\\/\\\/tomago.net\\\/wordpress\\\/wp-content\\\/uploads\\\/2023\\\/03\\\/tomago_logo-1.jpg\",\"url\":\"https:\\\/\\\/tomago.net\\\/wordpress\\\/wp-content\\\/uploads\\\/2023\\\/03\\\/tomago_logo-1.jpg\",\"contentUrl\":\"https:\\\/\\\/tomago.net\\\/wordpress\\\/wp-content\\\/uploads\\\/2023\\\/03\\\/tomago_logo-1.jpg\",\"width\":250,\"height\":250,\"caption\":\"gigaly\"},\"logo\":{\"@id\":\"https:\\\/\\\/tomago.net\\\/wordpress\\\/wp-content\\\/uploads\\\/2023\\\/03\\\/tomago_logo-1.jpg\"}}]}<\/script>\n<!-- \/ Yoast SEO plugin. -->","yoast_head_json":{"title":"toMAgo radionica 11. velja\u010de 2025. na trgu Bana Jela\u010di\u0107a u Zagrebu - toMAgo","robots":{"index":"index","follow":"follow","max-snippet":"max-snippet:-1","max-image-preview":"max-image-preview:large","max-video-preview":"max-video-preview:-1"},"canonical":"https:\/\/tomago.net\/wordpress\/tomago-radionica-11-veljace-2025-na-trgu-bana-jelacica-u-zagrebu\/","og_locale":"hr_HR","og_type":"article","og_title":"toMAgo radionica 11. velja\u010de 2025. na trgu Bana Jela\u010di\u0107a u Zagrebu - toMAgo","og_description":"Dok se Marija Igaly oporavlja od posljednje nezgode, njezine vrijedne prijateljice nastavljaju s toMAgo radionicama u centru Zagreba. Hvala im [&hellip;]","og_url":"https:\/\/tomago.net\/wordpress\/tomago-radionica-11-veljace-2025-na-trgu-bana-jelacica-u-zagrebu\/","og_site_name":"toMAgo","article_published_time":"2025-02-13T09:46:44+00:00","article_modified_time":"2025-11-16T08:56:22+00:00","og_image":[{"width":1024,"height":709,"url":"https:\/\/tomago.net\/wordpress\/wp-content\/uploads\/2025\/02\/image-1024x709.png","type":"image\/png"}],"author":"gigaly","twitter_card":"summary_large_image","twitter_misc":{"Napisao\/la":"gigaly","Procijenjeno vrijeme \u010ditanja":"1 minuta"},"schema":{"@context":"https:\/\/schema.org","@graph":[{"@type":"Article","@id":"https:\/\/tomago.net\/wordpress\/tomago-radionica-11-veljace-2025-na-trgu-bana-jelacica-u-zagrebu\/#article","isPartOf":{"@id":"https:\/\/tomago.net\/wordpress\/tomago-radionica-11-veljace-2025-na-trgu-bana-jelacica-u-zagrebu\/"},"author":{"name":"gigaly","@id":"https:\/\/tomago.net\/wordpress\/#\/schema\/person\/0cea4facb1a1b958c7b369f25c79d242"},"headline":"toMAgo radionica 11. velja\u010de 2025. na trgu Bana Jela\u010di\u0107a u Zagrebu","datePublished":"2025-02-13T09:46:44+00:00","dateModified":"2025-11-16T08:56:22+00:00","mainEntityOfPage":{"@id":"https:\/\/tomago.net\/wordpress\/tomago-radionica-11-veljace-2025-na-trgu-bana-jelacica-u-zagrebu\/"},"wordCount":77,"publisher":{"@id":"https:\/\/tomago.net\/wordpress\/#\/schema\/person\/0cea4facb1a1b958c7b369f25c79d242"},"image":{"@id":"https:\/\/tomago.net\/wordpress\/tomago-radionica-11-veljace-2025-na-trgu-bana-jelacica-u-zagrebu\/#primaryimage"},"thumbnailUrl":"https:\/\/tomago.net\/wordpress\/wp-content\/uploads\/2025\/02\/image.png","articleSection":{"1":"Radionice"},"inLanguage":"hr"},{"@type":"WebPage","@id":"https:\/\/tomago.net\/wordpress\/tomago-radionica-11-veljace-2025-na-trgu-bana-jelacica-u-zagrebu\/","url":"https:\/\/tomago.net\/wordpress\/tomago-radionica-11-veljace-2025-na-trgu-bana-jelacica-u-zagrebu\/","name":"toMAgo radionica 11. velja\u010de 2025. na trgu Bana Jela\u010di\u0107a u Zagrebu - toMAgo","isPartOf":{"@id":"https:\/\/tomago.net\/wordpress\/#website"},"primaryImageOfPage":{"@id":"https:\/\/tomago.net\/wordpress\/tomago-radionica-11-veljace-2025-na-trgu-bana-jelacica-u-zagrebu\/#primaryimage"},"image":{"@id":"https:\/\/tomago.net\/wordpress\/tomago-radionica-11-veljace-2025-na-trgu-bana-jelacica-u-zagrebu\/#primaryimage"},"thumbnailUrl":"https:\/\/tomago.net\/wordpress\/wp-content\/uploads\/2025\/02\/image.png","datePublished":"2025-02-13T09:46:44+00:00","dateModified":"2025-11-16T08:56:22+00:00","breadcrumb":{"@id":"https:\/\/tomago.net\/wordpress\/tomago-radionica-11-veljace-2025-na-trgu-bana-jelacica-u-zagrebu\/#breadcrumb"},"inLanguage":"hr","potentialAction":[{"@type":"ReadAction","target":["https:\/\/tomago.net\/wordpress\/tomago-radionica-11-veljace-2025-na-trgu-bana-jelacica-u-zagrebu\/"]}]},{"@type":"ImageObject","inLanguage":"hr","@id":"https:\/\/tomago.net\/wordpress\/tomago-radionica-11-veljace-2025-na-trgu-bana-jelacica-u-zagrebu\/#primaryimage","url":"https:\/\/tomago.net\/wordpress\/wp-content\/uploads\/2025\/02\/image.png","contentUrl":"https:\/\/tomago.net\/wordpress\/wp-content\/uploads\/2025\/02\/image.png","width":1447,"height":1002},{"@type":"BreadcrumbList","@id":"https:\/\/tomago.net\/wordpress\/tomago-radionica-11-veljace-2025-na-trgu-bana-jelacica-u-zagrebu\/#breadcrumb","itemListElement":[{"@type":"ListItem","position":1,"name":"Po\u010detna stranica","item":"https:\/\/tomago.net\/wordpress\/"},{"@type":"ListItem","position":2,"name":"toMAgo radionica 11. velja\u010de 2025. na trgu Bana Jela\u010di\u0107a u Zagrebu"}]},{"@type":"WebSite","@id":"https:\/\/tomago.net\/wordpress\/#website","url":"https:\/\/tomago.net\/wordpress\/","name":"toMAgo","description":"\u010dudesan svijet latica","publisher":{"@id":"https:\/\/tomago.net\/wordpress\/#\/schema\/person\/0cea4facb1a1b958c7b369f25c79d242"},"potentialAction":[{"@type":"SearchAction","target":{"@type":"EntryPoint","urlTemplate":"https:\/\/tomago.net\/wordpress\/?s={search_term_string}"},"query-input":{"@type":"PropertyValueSpecification","valueRequired":true,"valueName":"search_term_string"}}],"inLanguage":"hr"},{"@type":["Person","Organization"],"@id":"https:\/\/tomago.net\/wordpress\/#\/schema\/person\/0cea4facb1a1b958c7b369f25c79d242","name":"gigaly","image":{"@type":"ImageObject","inLanguage":"hr","@id":"https:\/\/tomago.net\/wordpress\/wp-content\/uploads\/2023\/03\/tomago_logo-1.jpg","url":"https:\/\/tomago.net\/wordpress\/wp-content\/uploads\/2023\/03\/tomago_logo-1.jpg","contentUrl":"https:\/\/tomago.net\/wordpress\/wp-content\/uploads\/2023\/03\/tomago_logo-1.jpg","width":250,"height":250,"caption":"gigaly"},"logo":{"@id":"https:\/\/tomago.net\/wordpress\/wp-content\/uploads\/2023\/03\/tomago_logo-1.jpg"}}]}},"_links":{"self":[{"href":"https:\/\/tomago.net\/wordpress\/wp-json\/wp\/v2\/posts\/1185","targetHints":{"allow":["GET"]}}],"collection":[{"href":"https:\/\/tomago.net\/wordpress\/wp-json\/wp\/v2\/posts"}],"about":[{"href":"https:\/\/tomago.net\/wordpress\/wp-json\/wp\/v2\/types\/post"}],"author":[{"embeddable":true,"href":"https:\/\/tomago.net\/wordpress\/wp-json\/wp\/v2\/users\/1"}],"replies":[{"embeddable":true,"href":"https:\/\/tomago.net\/wordpress\/wp-json\/wp\/v2\/comments?post=1185"}],"version-history":[{"count":2,"href":"https:\/\/tomago.net\/wordpress\/wp-json\/wp\/v2\/posts\/1185\/revisions"}],"predecessor-version":[{"id":1266,"href":"https:\/\/tomago.net\/wordpress\/wp-json\/wp\/v2\/posts\/1185\/revisions\/1266"}],"wp:featuredmedia":[{"embeddable":true,"href":"https:\/\/tomago.net\/wordpress\/wp-json\/wp\/v2\/media\/1186"}],"wp:attachment":[{"href":"https:\/\/tomago.net\/wordpress\/wp-json\/wp\/v2\/media?parent=1185"}],"wp:term":[{"taxonomy":"category","embeddable":true,"href":"https:\/\/tomago.net\/wordpress\/wp-json\/wp\/v2\/categories?post=1185"},{"taxonomy":"post_tag","embeddable":true,"href":"https:\/\/tomago.net\/wordpress\/wp-json\/wp\/v2\/tags?post=1185"}],"curies":[{"name":"wp","href":"https:\/\/api.w.org\/{rel}","templated":true}]}}