{"id":247,"date":"2018-09-19T10:01:30","date_gmt":"2018-09-19T09:01:30","guid":{"rendered":"http:\/\/tomago.net\/wordpress\/?p=247"},"modified":"2024-01-11T08:25:09","modified_gmt":"2024-01-11T08:25:09","slug":"kreativna-tomago-radionica-u-sklopu-23-medunarodna-izlozbe-cvijeca-barok-glazba-cvijece-u-varazdinu","status":"publish","type":"post","link":"https:\/\/tomago.net\/wordpress\/kreativna-tomago-radionica-u-sklopu-23-medunarodna-izlozbe-cvijeca-barok-glazba-cvijece-u-varazdinu\/","title":{"rendered":"Kreativna toMAgo radionica u sklopu 23. me\u0111unarodna izlo\u017ebe cvije\u0107a &#8220;barok-glazba-cvije\u0107e&#8221; u Vara\u017edinu"},"content":{"rendered":"<p>U petak, 21.9.2018. u 11 sati \u0107e se u sklopu 23. me\u0111unarodna izlo\u017ebe cvije\u0107a &#8220;barok-glazba-cvije\u0107e&#8221; u dvori\u0161tu galerije Sermage na Stan\u010di\u0107evom trgu u Vara\u017edinu odr\u017eati kreativna toMAgo radionica. Na radionici \u0107e biti prikazan cjeloviti postupak izrade slike toMAgo postupkom. Voditeljica radionice je autorica toMAgo tehnike, prof. Marija Igaly.<\/p>\n<p><img loading=\"lazy\" decoding=\"async\" class=\"aligncenter wp-image-248 size-full\" src=\"https:\/\/tomago.net\/wordpress\/wp-content\/uploads\/2018\/09\/tomago-radionica-u-botani\u010dkom.jpg\" alt=\"\" width=\"2400\" height=\"1600\" srcset=\"https:\/\/tomago.net\/wordpress\/wp-content\/uploads\/2018\/09\/tomago-radionica-u-botani\u010dkom.jpg 2400w, https:\/\/tomago.net\/wordpress\/wp-content\/uploads\/2018\/09\/tomago-radionica-u-botani\u010dkom-300x200.jpg 300w, https:\/\/tomago.net\/wordpress\/wp-content\/uploads\/2018\/09\/tomago-radionica-u-botani\u010dkom-1024x683.jpg 1024w, https:\/\/tomago.net\/wordpress\/wp-content\/uploads\/2018\/09\/tomago-radionica-u-botani\u010dkom-768x512.jpg 768w, https:\/\/tomago.net\/wordpress\/wp-content\/uploads\/2018\/09\/tomago-radionica-u-botani\u010dkom-1536x1024.jpg 1536w, https:\/\/tomago.net\/wordpress\/wp-content\/uploads\/2018\/09\/tomago-radionica-u-botani\u010dkom-2048x1365.jpg 2048w, https:\/\/tomago.net\/wordpress\/wp-content\/uploads\/2018\/09\/tomago-radionica-u-botani\u010dkom-600x400.jpg 600w\" sizes=\"auto, (max-width: 2400px) 100vw, 2400px\" \/><\/p>\n<p>Izlo\u017ebu &#8220;barok-glazba-cvije\u0107e&#8221; zajedni\u010dki organiziraju <a href=\"https:\/\/www.facebook.com\/pages\/category\/Nonprofit-Organization\/Udruga-vrtlara-Vara%C5%BEdinske-%C5%BEupanije-1586582744912220\/\" target=\"_blank\" rel=\"noopener\">Udruga vrtlara Vara\u017edinske \u017eupanije<\/a> i <a href=\"https:\/\/vbv.hr\/\" target=\"_blank\" rel=\"noopener\">Vara\u017edinske barokne ve\u010deri.<\/a><\/p>\n","protected":false},"excerpt":{"rendered":"<p>U petak, 21.9.2018. u 11 sati \u0107e se u sklopu 23. me\u0111unarodna izlo\u017ebe cvije\u0107a &#8220;barok-glazba-cvije\u0107e&#8221; u dvori\u0161tu galerije Sermage na [&hellip;]<\/p>\n","protected":false},"author":1,"featured_media":0,"comment_status":"closed","ping_status":"closed","sticky":false,"template":"","format":"standard","meta":{"_crdt_document":"","site-sidebar-layout":"default","site-content-layout":"","ast-site-content-layout":"default","site-content-style":"default","site-sidebar-style":"default","ast-global-header-display":"","ast-banner-title-visibility":"","ast-main-header-display":"","ast-hfb-above-header-display":"","ast-hfb-below-header-display":"","ast-hfb-mobile-header-display":"","site-post-title":"","ast-breadcrumbs-content":"","ast-featured-img":"","footer-sml-layout":"","theme-transparent-header-meta":"","adv-header-id-meta":"","stick-header-meta":"","header-above-stick-meta":"","header-main-stick-meta":"","header-below-stick-meta":"","astra-migrate-meta-layouts":"default","ast-page-background-enabled":"default","ast-page-background-meta":{"desktop":{"background-color":"var(--ast-global-color-5)","background-image":"","background-repeat":"repeat","background-position":"center center","background-size":"auto","background-attachment":"scroll","background-type":"","background-media":"","overlay-type":"","overlay-color":"","overlay-opacity":"","overlay-gradient":""},"tablet":{"background-color":"","background-image":"","background-repeat":"repeat","background-position":"center center","background-size":"auto","background-attachment":"scroll","background-type":"","background-media":"","overlay-type":"","overlay-color":"","overlay-opacity":"","overlay-gradient":""},"mobile":{"background-color":"","background-image":"","background-repeat":"repeat","background-position":"center center","background-size":"auto","background-attachment":"scroll","background-type":"","background-media":"","overlay-type":"","overlay-color":"","overlay-opacity":"","overlay-gradient":""}},"ast-content-background-meta":{"desktop":{"background-color":"var(--ast-global-color-4)","background-image":"","background-repeat":"repeat","background-position":"center center","background-size":"auto","background-attachment":"scroll","background-type":"","background-media":"","overlay-type":"","overlay-color":"","overlay-opacity":"","overlay-gradient":""},"tablet":{"background-color":"var(--ast-global-color-4)","background-image":"","background-repeat":"repeat","background-position":"center center","background-size":"auto","background-attachment":"scroll","background-type":"","background-media":"","overlay-type":"","overlay-color":"","overlay-opacity":"","overlay-gradient":""},"mobile":{"background-color":"var(--ast-global-color-4)","background-image":"","background-repeat":"repeat","background-position":"center center","background-size":"auto","background-attachment":"scroll","background-type":"","background-media":"","overlay-type":"","overlay-color":"","overlay-opacity":"","overlay-gradient":""}},"two_page_speed":[],"footnotes":""},"categories":[4,13,2],"tags":[],"class_list":["post-247","post","type-post","status-publish","format-standard","hentry","category-aktualno","category-obavijest-o-radionici-hr","category-radionice"],"yoast_head":"<!-- This site is optimized with the Yoast SEO plugin v27.4 - https:\/\/yoast.com\/product\/yoast-seo-wordpress\/ -->\n<title>Kreativna toMAgo radionica u sklopu 23. me\u0111unarodna izlo\u017ebe cvije\u0107a &quot;barok-glazba-cvije\u0107e&quot; u Vara\u017edinu - toMAgo<\/title>\n<meta name=\"robots\" content=\"index, follow, max-snippet:-1, max-image-preview:large, max-video-preview:-1\" \/>\n<link rel=\"canonical\" href=\"https:\/\/tomago.net\/wordpress\/kreativna-tomago-radionica-u-sklopu-23-medunarodna-izlozbe-cvijeca-barok-glazba-cvijece-u-varazdinu\/\" \/>\n<meta property=\"og:locale\" content=\"hr_HR\" \/>\n<meta property=\"og:type\" content=\"article\" \/>\n<meta property=\"og:title\" content=\"Kreativna toMAgo radionica u sklopu 23. me\u0111unarodna izlo\u017ebe cvije\u0107a &quot;barok-glazba-cvije\u0107e&quot; u Vara\u017edinu - toMAgo\" \/>\n<meta property=\"og:description\" content=\"U petak, 21.9.2018. u 11 sati \u0107e se u sklopu 23. me\u0111unarodna izlo\u017ebe cvije\u0107a &#8220;barok-glazba-cvije\u0107e&#8221; u dvori\u0161tu galerije Sermage na [&hellip;]\" \/>\n<meta property=\"og:url\" content=\"https:\/\/tomago.net\/wordpress\/kreativna-tomago-radionica-u-sklopu-23-medunarodna-izlozbe-cvijeca-barok-glazba-cvijece-u-varazdinu\/\" \/>\n<meta property=\"og:site_name\" content=\"toMAgo\" \/>\n<meta property=\"article:published_time\" content=\"2018-09-19T09:01:30+00:00\" \/>\n<meta property=\"article:modified_time\" content=\"2024-01-11T08:25:09+00:00\" \/>\n<meta property=\"og:image\" content=\"https:\/\/tomago.net\/wordpress\/wp-content\/uploads\/2018\/09\/igaly-web.jpg\" \/>\n\t<meta property=\"og:image:width\" content=\"500\" \/>\n\t<meta property=\"og:image:height\" content=\"619\" \/>\n\t<meta property=\"og:image:type\" content=\"image\/jpeg\" \/>\n<meta name=\"author\" content=\"gigaly\" \/>\n<meta name=\"twitter:card\" content=\"summary_large_image\" \/>\n<meta name=\"twitter:label1\" content=\"Napisao\/la\" \/>\n\t<meta name=\"twitter:data1\" content=\"gigaly\" \/>\n<script type=\"application\/ld+json\" class=\"yoast-schema-graph\">{\"@context\":\"https:\\\/\\\/schema.org\",\"@graph\":[{\"@type\":\"Article\",\"@id\":\"https:\\\/\\\/tomago.net\\\/wordpress\\\/kreativna-tomago-radionica-u-sklopu-23-medunarodna-izlozbe-cvijeca-barok-glazba-cvijece-u-varazdinu\\\/#article\",\"isPartOf\":{\"@id\":\"https:\\\/\\\/tomago.net\\\/wordpress\\\/kreativna-tomago-radionica-u-sklopu-23-medunarodna-izlozbe-cvijeca-barok-glazba-cvijece-u-varazdinu\\\/\"},\"author\":{\"name\":\"gigaly\",\"@id\":\"https:\\\/\\\/tomago.net\\\/wordpress\\\/#\\\/schema\\\/person\\\/0cea4facb1a1b958c7b369f25c79d242\"},\"headline\":\"Kreativna toMAgo radionica u sklopu 23. me\u0111unarodna izlo\u017ebe cvije\u0107a &#8220;barok-glazba-cvije\u0107e&#8221; u Vara\u017edinu\",\"datePublished\":\"2018-09-19T09:01:30+00:00\",\"dateModified\":\"2024-01-11T08:25:09+00:00\",\"mainEntityOfPage\":{\"@id\":\"https:\\\/\\\/tomago.net\\\/wordpress\\\/kreativna-tomago-radionica-u-sklopu-23-medunarodna-izlozbe-cvijeca-barok-glazba-cvijece-u-varazdinu\\\/\"},\"wordCount\":88,\"publisher\":{\"@id\":\"https:\\\/\\\/tomago.net\\\/wordpress\\\/#\\\/schema\\\/person\\\/0cea4facb1a1b958c7b369f25c79d242\"},\"articleSection\":[\"Aktualno\",\"Obavijest o radionici\",\"Radionice\"],\"inLanguage\":\"hr\"},{\"@type\":\"WebPage\",\"@id\":\"https:\\\/\\\/tomago.net\\\/wordpress\\\/kreativna-tomago-radionica-u-sklopu-23-medunarodna-izlozbe-cvijeca-barok-glazba-cvijece-u-varazdinu\\\/\",\"url\":\"https:\\\/\\\/tomago.net\\\/wordpress\\\/kreativna-tomago-radionica-u-sklopu-23-medunarodna-izlozbe-cvijeca-barok-glazba-cvijece-u-varazdinu\\\/\",\"name\":\"Kreativna toMAgo radionica u sklopu 23. me\u0111unarodna izlo\u017ebe cvije\u0107a \\\"barok-glazba-cvije\u0107e\\\" u Vara\u017edinu - toMAgo\",\"isPartOf\":{\"@id\":\"https:\\\/\\\/tomago.net\\\/wordpress\\\/#website\"},\"datePublished\":\"2018-09-19T09:01:30+00:00\",\"dateModified\":\"2024-01-11T08:25:09+00:00\",\"breadcrumb\":{\"@id\":\"https:\\\/\\\/tomago.net\\\/wordpress\\\/kreativna-tomago-radionica-u-sklopu-23-medunarodna-izlozbe-cvijeca-barok-glazba-cvijece-u-varazdinu\\\/#breadcrumb\"},\"inLanguage\":\"hr\",\"potentialAction\":[{\"@type\":\"ReadAction\",\"target\":[\"https:\\\/\\\/tomago.net\\\/wordpress\\\/kreativna-tomago-radionica-u-sklopu-23-medunarodna-izlozbe-cvijeca-barok-glazba-cvijece-u-varazdinu\\\/\"]}]},{\"@type\":\"BreadcrumbList\",\"@id\":\"https:\\\/\\\/tomago.net\\\/wordpress\\\/kreativna-tomago-radionica-u-sklopu-23-medunarodna-izlozbe-cvijeca-barok-glazba-cvijece-u-varazdinu\\\/#breadcrumb\",\"itemListElement\":[{\"@type\":\"ListItem\",\"position\":1,\"name\":\"Po\u010detna stranica\",\"item\":\"https:\\\/\\\/tomago.net\\\/wordpress\\\/\"},{\"@type\":\"ListItem\",\"position\":2,\"name\":\"Kreativna toMAgo radionica u sklopu 23. me\u0111unarodna izlo\u017ebe cvije\u0107a &#8220;barok-glazba-cvije\u0107e&#8221; u Vara\u017edinu\"}]},{\"@type\":\"WebSite\",\"@id\":\"https:\\\/\\\/tomago.net\\\/wordpress\\\/#website\",\"url\":\"https:\\\/\\\/tomago.net\\\/wordpress\\\/\",\"name\":\"toMAgo\",\"description\":\"\u010dudesan svijet latica\",\"publisher\":{\"@id\":\"https:\\\/\\\/tomago.net\\\/wordpress\\\/#\\\/schema\\\/person\\\/0cea4facb1a1b958c7b369f25c79d242\"},\"potentialAction\":[{\"@type\":\"SearchAction\",\"target\":{\"@type\":\"EntryPoint\",\"urlTemplate\":\"https:\\\/\\\/tomago.net\\\/wordpress\\\/?s={search_term_string}\"},\"query-input\":{\"@type\":\"PropertyValueSpecification\",\"valueRequired\":true,\"valueName\":\"search_term_string\"}}],\"inLanguage\":\"hr\"},{\"@type\":[\"Person\",\"Organization\"],\"@id\":\"https:\\\/\\\/tomago.net\\\/wordpress\\\/#\\\/schema\\\/person\\\/0cea4facb1a1b958c7b369f25c79d242\",\"name\":\"gigaly\",\"image\":{\"@type\":\"ImageObject\",\"inLanguage\":\"hr\",\"@id\":\"https:\\\/\\\/tomago.net\\\/wordpress\\\/wp-content\\\/uploads\\\/2023\\\/03\\\/tomago_logo-1.jpg\",\"url\":\"https:\\\/\\\/tomago.net\\\/wordpress\\\/wp-content\\\/uploads\\\/2023\\\/03\\\/tomago_logo-1.jpg\",\"contentUrl\":\"https:\\\/\\\/tomago.net\\\/wordpress\\\/wp-content\\\/uploads\\\/2023\\\/03\\\/tomago_logo-1.jpg\",\"width\":250,\"height\":250,\"caption\":\"gigaly\"},\"logo\":{\"@id\":\"https:\\\/\\\/tomago.net\\\/wordpress\\\/wp-content\\\/uploads\\\/2023\\\/03\\\/tomago_logo-1.jpg\"}}]}<\/script>\n<!-- \/ Yoast SEO plugin. -->","yoast_head_json":{"title":"Kreativna toMAgo radionica u sklopu 23. me\u0111unarodna izlo\u017ebe cvije\u0107a \"barok-glazba-cvije\u0107e\" u Vara\u017edinu - toMAgo","robots":{"index":"index","follow":"follow","max-snippet":"max-snippet:-1","max-image-preview":"max-image-preview:large","max-video-preview":"max-video-preview:-1"},"canonical":"https:\/\/tomago.net\/wordpress\/kreativna-tomago-radionica-u-sklopu-23-medunarodna-izlozbe-cvijeca-barok-glazba-cvijece-u-varazdinu\/","og_locale":"hr_HR","og_type":"article","og_title":"Kreativna toMAgo radionica u sklopu 23. me\u0111unarodna izlo\u017ebe cvije\u0107a \"barok-glazba-cvije\u0107e\" u Vara\u017edinu - toMAgo","og_description":"U petak, 21.9.2018. u 11 sati \u0107e se u sklopu 23. me\u0111unarodna izlo\u017ebe cvije\u0107a &#8220;barok-glazba-cvije\u0107e&#8221; u dvori\u0161tu galerije Sermage na [&hellip;]","og_url":"https:\/\/tomago.net\/wordpress\/kreativna-tomago-radionica-u-sklopu-23-medunarodna-izlozbe-cvijeca-barok-glazba-cvijece-u-varazdinu\/","og_site_name":"toMAgo","article_published_time":"2018-09-19T09:01:30+00:00","article_modified_time":"2024-01-11T08:25:09+00:00","og_image":[{"width":500,"height":619,"url":"https:\/\/tomago.net\/wordpress\/wp-content\/uploads\/2018\/09\/igaly-web.jpg","type":"image\/jpeg"}],"author":"gigaly","twitter_card":"summary_large_image","twitter_misc":{"Napisao\/la":"gigaly"},"schema":{"@context":"https:\/\/schema.org","@graph":[{"@type":"Article","@id":"https:\/\/tomago.net\/wordpress\/kreativna-tomago-radionica-u-sklopu-23-medunarodna-izlozbe-cvijeca-barok-glazba-cvijece-u-varazdinu\/#article","isPartOf":{"@id":"https:\/\/tomago.net\/wordpress\/kreativna-tomago-radionica-u-sklopu-23-medunarodna-izlozbe-cvijeca-barok-glazba-cvijece-u-varazdinu\/"},"author":{"name":"gigaly","@id":"https:\/\/tomago.net\/wordpress\/#\/schema\/person\/0cea4facb1a1b958c7b369f25c79d242"},"headline":"Kreativna toMAgo radionica u sklopu 23. me\u0111unarodna izlo\u017ebe cvije\u0107a &#8220;barok-glazba-cvije\u0107e&#8221; u Vara\u017edinu","datePublished":"2018-09-19T09:01:30+00:00","dateModified":"2024-01-11T08:25:09+00:00","mainEntityOfPage":{"@id":"https:\/\/tomago.net\/wordpress\/kreativna-tomago-radionica-u-sklopu-23-medunarodna-izlozbe-cvijeca-barok-glazba-cvijece-u-varazdinu\/"},"wordCount":88,"publisher":{"@id":"https:\/\/tomago.net\/wordpress\/#\/schema\/person\/0cea4facb1a1b958c7b369f25c79d242"},"articleSection":["Aktualno","Obavijest o radionici","Radionice"],"inLanguage":"hr"},{"@type":"WebPage","@id":"https:\/\/tomago.net\/wordpress\/kreativna-tomago-radionica-u-sklopu-23-medunarodna-izlozbe-cvijeca-barok-glazba-cvijece-u-varazdinu\/","url":"https:\/\/tomago.net\/wordpress\/kreativna-tomago-radionica-u-sklopu-23-medunarodna-izlozbe-cvijeca-barok-glazba-cvijece-u-varazdinu\/","name":"Kreativna toMAgo radionica u sklopu 23. me\u0111unarodna izlo\u017ebe cvije\u0107a \"barok-glazba-cvije\u0107e\" u Vara\u017edinu - toMAgo","isPartOf":{"@id":"https:\/\/tomago.net\/wordpress\/#website"},"datePublished":"2018-09-19T09:01:30+00:00","dateModified":"2024-01-11T08:25:09+00:00","breadcrumb":{"@id":"https:\/\/tomago.net\/wordpress\/kreativna-tomago-radionica-u-sklopu-23-medunarodna-izlozbe-cvijeca-barok-glazba-cvijece-u-varazdinu\/#breadcrumb"},"inLanguage":"hr","potentialAction":[{"@type":"ReadAction","target":["https:\/\/tomago.net\/wordpress\/kreativna-tomago-radionica-u-sklopu-23-medunarodna-izlozbe-cvijeca-barok-glazba-cvijece-u-varazdinu\/"]}]},{"@type":"BreadcrumbList","@id":"https:\/\/tomago.net\/wordpress\/kreativna-tomago-radionica-u-sklopu-23-medunarodna-izlozbe-cvijeca-barok-glazba-cvijece-u-varazdinu\/#breadcrumb","itemListElement":[{"@type":"ListItem","position":1,"name":"Po\u010detna stranica","item":"https:\/\/tomago.net\/wordpress\/"},{"@type":"ListItem","position":2,"name":"Kreativna toMAgo radionica u sklopu 23. me\u0111unarodna izlo\u017ebe cvije\u0107a &#8220;barok-glazba-cvije\u0107e&#8221; u Vara\u017edinu"}]},{"@type":"WebSite","@id":"https:\/\/tomago.net\/wordpress\/#website","url":"https:\/\/tomago.net\/wordpress\/","name":"toMAgo","description":"\u010dudesan svijet latica","publisher":{"@id":"https:\/\/tomago.net\/wordpress\/#\/schema\/person\/0cea4facb1a1b958c7b369f25c79d242"},"potentialAction":[{"@type":"SearchAction","target":{"@type":"EntryPoint","urlTemplate":"https:\/\/tomago.net\/wordpress\/?s={search_term_string}"},"query-input":{"@type":"PropertyValueSpecification","valueRequired":true,"valueName":"search_term_string"}}],"inLanguage":"hr"},{"@type":["Person","Organization"],"@id":"https:\/\/tomago.net\/wordpress\/#\/schema\/person\/0cea4facb1a1b958c7b369f25c79d242","name":"gigaly","image":{"@type":"ImageObject","inLanguage":"hr","@id":"https:\/\/tomago.net\/wordpress\/wp-content\/uploads\/2023\/03\/tomago_logo-1.jpg","url":"https:\/\/tomago.net\/wordpress\/wp-content\/uploads\/2023\/03\/tomago_logo-1.jpg","contentUrl":"https:\/\/tomago.net\/wordpress\/wp-content\/uploads\/2023\/03\/tomago_logo-1.jpg","width":250,"height":250,"caption":"gigaly"},"logo":{"@id":"https:\/\/tomago.net\/wordpress\/wp-content\/uploads\/2023\/03\/tomago_logo-1.jpg"}}]}},"_links":{"self":[{"href":"https:\/\/tomago.net\/wordpress\/wp-json\/wp\/v2\/posts\/247","targetHints":{"allow":["GET"]}}],"collection":[{"href":"https:\/\/tomago.net\/wordpress\/wp-json\/wp\/v2\/posts"}],"about":[{"href":"https:\/\/tomago.net\/wordpress\/wp-json\/wp\/v2\/types\/post"}],"author":[{"embeddable":true,"href":"https:\/\/tomago.net\/wordpress\/wp-json\/wp\/v2\/users\/1"}],"replies":[{"embeddable":true,"href":"https:\/\/tomago.net\/wordpress\/wp-json\/wp\/v2\/comments?post=247"}],"version-history":[{"count":3,"href":"https:\/\/tomago.net\/wordpress\/wp-json\/wp\/v2\/posts\/247\/revisions"}],"predecessor-version":[{"id":967,"href":"https:\/\/tomago.net\/wordpress\/wp-json\/wp\/v2\/posts\/247\/revisions\/967"}],"wp:attachment":[{"href":"https:\/\/tomago.net\/wordpress\/wp-json\/wp\/v2\/media?parent=247"}],"wp:term":[{"taxonomy":"category","embeddable":true,"href":"https:\/\/tomago.net\/wordpress\/wp-json\/wp\/v2\/categories?post=247"},{"taxonomy":"post_tag","embeddable":true,"href":"https:\/\/tomago.net\/wordpress\/wp-json\/wp\/v2\/tags?post=247"}],"curies":[{"name":"wp","href":"https:\/\/api.w.org\/{rel}","templated":true}]}}