{"id":28,"date":"2018-03-14T00:16:06","date_gmt":"2018-03-14T00:16:06","guid":{"rendered":"http:\/\/tomago.net\/wordpress\/?p=28"},"modified":"2018-12-11T18:57:10","modified_gmt":"2018-12-11T18:57:10","slug":"kriticari-o-djelu-marije-igaly","status":"publish","type":"post","link":"https:\/\/tomago.net\/wordpress\/kriticari-o-djelu-marije-igaly\/","title":{"rendered":"Kriti\u010dari o djelu Marije Igaly"},"content":{"rendered":"<p><strong>VLADO BURI\u0106<\/strong>, novinar i slikar, 1982.g.<br \/>\n\u201cOd najve\u0107eg ukrasa prirode Marija Igaly dobije jo\u0161 ne\u0161to ljep\u0161e, \u0161to odi\u0161e ljudskim duhom i stvarala\u010dkom sre\u0107om.\u201d<\/p>\n<p><strong>IVAN RABUZIN<\/strong>, slikar, 1985.g.<br \/>\n\u201cIzvanredno ! \u010destitam na upornosti i mogu\u0107nostima likovnog izraza na ovaj na\u010din.<br \/>\nCvijet je \u017eivot s one strane prirode, a Vi ste nam ga do\u010darala ponovno na sanjiv i poeti\u010dan na\u010din.\u201d<\/p>\n<p>Prof. dr. <strong>ANTUN BAUER<\/strong>, povjesni\u010dar umjetnosti, 1986.g.<br \/>\n\u201cPrate\u0107i na\u0161u suvremenu likovnu umjetnost osje\u0107amo se zate\u010deni kada smo se susreli sa jednim opusom djela slika jednog minijaturiste.<br \/>\nSlikarica sa svojim minijaturama avangardno unosi u kompleks suvremenog likovnog izra\u017eavanja jednu novu formu, novu tehniku, nova sredstva &#8211; ne\u0161to potpuno novo unosi u duh kreiranja jednog likovnog djela.\u201d<\/p>\n<p><strong>STANKO \u0160POLJARI\u0106<\/strong>, prof., kustos i likovni kriti\u010dar, 1993.g.<br \/>\n\u201cDjela su joj odraz zavidnog emotivnog naboja i prave radosti stvaranja, kojom se znade svaka nijansa boje, sve one \u0161are, usamljene linije ukomponirati u figuru. Umjetnost Marije Igaly pravo je osvje\u017eenje u buci mnogih trendova suvremene umjetnosti, jer kod nje ono nezamjetno postaje veliko, jednostavno bogato i likovno cjelovito. Te se djelo Marije Igaly poradi originalnosti i kvalitete mora uva\u017eavati. A ono je bez sumnje u prvom redu, tra\u017eenje sre\u0107e kroz ljepotu.\u201d<\/p>\n<p>Mr. <strong>DINKO \u0160OK\u010cEVI\u0106<\/strong>, povjesni\u010dar umjetnosti, 1995.g<br \/>\n\u201cTraganje za izra\u017eajnom formom je od temeljnog zna\u010denja za sve likovne umjetnike, me\u0111utim rijetko koji od njih uspije prona\u0107i neki sasvim novi oblik, ili tehniku likovnoga izraza. Ovo je po\u0161lo za rukom, ili mo\u017eda bolje re\u0107i \u2018za okom\u2019 umjetnici Mariji Igaly koja je odjednom otkrila za nju najadekvatnija sredstva likovnog izra\u017eavanja. (&#8230;) Ona zapravo slika samo umjesto kista i boje koristi zadane oblike latica a svoje prekrasne oblike boja bira sa palete raznobojnosti cvije\u0107a. Sve ostalo je plod njene profinjene ma\u0161te i razvijenog osje\u0107aja koji joj omogu\u0107ava da u sitnome cvijetu uo\u010di svu veli\u010dinu univerzuma. Ova nadasve va\u017ena mo\u0107 istan\u010dane percepcije odabira, ili otkrivanja oblika boja u prirodi za izra\u017eavanje vlastitog nutarnjeg svijeta \u010dini minijaturne kola\u017ee Marije Igaly jedinstvenima u svijetu likovnog stvarala\u0161tva.\u201d<\/p>\n<p>Prof. dr. <strong>ANTUN BAUER<\/strong>, povjesni\u010dar umjetnosti, 1995.g.<br \/>\n\u201cMarija Igaly je prva kod nas po\u010dela \u2018slikati\u2019 cvjetne minijature figurativnih likova bez upotrebe ljepila, odnosno ne interveniraju\u0107i ni\u010dim na elemente koje rabi. (&#8230;) Marija Igaly nije svoju umjetnost rada sa cvije\u0107em ljubomorno zadr\u017eala za sebe nego do danas \u0161irokogrudno u\u010di i poma\u017ee svima koji pokazuju zanimanje za taj na\u010din likovnog umjetni\u010dkog izra\u017eavanja.\u201d<\/p>\n<p><strong>STANKO \u0160POLJARI\u0106<\/strong>, prof., kustos i likovni kriti\u010dar, 2001.g.<br \/>\nMarija Igaly obogatila je iskaz &#8220;cvjetne inspiracije&#8221; istinskom inovacijom. Specifi\u010dnom toMAgo tehnikom, koja uklju\u010duje sve procese postupka minijatura sublimiranosti i suptilnosti, s kona\u010dnicom u pove\u0107avanju snimanjem i tiskom, do slobodno odabranih formata. Nastaju obrati puni za\u010dudnosti, veli\u010dina je otkrila jedva primjetno u minijaturi. Pravi su to organi\u010dki presjeci mikrosvijeta gdje niti i crte\u017e pravilnog rastera upisan u svakoj lati, odra\u017eavaju strukture s vrijedno\u0161\u0107u likovne autonomnosti. Predlo\u017eak postoji kao &#8220;dokument&#8221;, no nastavlja put do publike koja slikom izvjeste gigantizacije ulazi u slikari\u010din imaginarni svijet.<\/p>\n","protected":false},"excerpt":{"rendered":"<p>VLADO BURI\u0106, novinar i slikar, 1982.g. \u201cOd najve\u0107eg ukrasa prirode Marija Igaly dobije jo\u0161 ne\u0161to ljep\u0161e, \u0161to odi\u0161e ljudskim duhom [&hellip;]<\/p>\n","protected":false},"author":1,"featured_media":0,"comment_status":"closed","ping_status":"closed","sticky":false,"template":"","format":"standard","meta":{"_crdt_document":"","site-sidebar-layout":"default","site-content-layout":"","ast-site-content-layout":"default","site-content-style":"default","site-sidebar-style":"default","ast-global-header-display":"","ast-banner-title-visibility":"","ast-main-header-display":"","ast-hfb-above-header-display":"","ast-hfb-below-header-display":"","ast-hfb-mobile-header-display":"","site-post-title":"","ast-breadcrumbs-content":"","ast-featured-img":"","footer-sml-layout":"","theme-transparent-header-meta":"","adv-header-id-meta":"","stick-header-meta":"","header-above-stick-meta":"","header-main-stick-meta":"","header-below-stick-meta":"","astra-migrate-meta-layouts":"default","ast-page-background-enabled":"default","ast-page-background-meta":{"desktop":{"background-color":"var(--ast-global-color-5)","background-image":"","background-repeat":"repeat","background-position":"center center","background-size":"auto","background-attachment":"scroll","background-type":"","background-media":"","overlay-type":"","overlay-color":"","overlay-opacity":"","overlay-gradient":""},"tablet":{"background-color":"","background-image":"","background-repeat":"repeat","background-position":"center center","background-size":"auto","background-attachment":"scroll","background-type":"","background-media":"","overlay-type":"","overlay-color":"","overlay-opacity":"","overlay-gradient":""},"mobile":{"background-color":"","background-image":"","background-repeat":"repeat","background-position":"center center","background-size":"auto","background-attachment":"scroll","background-type":"","background-media":"","overlay-type":"","overlay-color":"","overlay-opacity":"","overlay-gradient":""}},"ast-content-background-meta":{"desktop":{"background-color":"var(--ast-global-color-4)","background-image":"","background-repeat":"repeat","background-position":"center center","background-size":"auto","background-attachment":"scroll","background-type":"","background-media":"","overlay-type":"","overlay-color":"","overlay-opacity":"","overlay-gradient":""},"tablet":{"background-color":"var(--ast-global-color-4)","background-image":"","background-repeat":"repeat","background-position":"center center","background-size":"auto","background-attachment":"scroll","background-type":"","background-media":"","overlay-type":"","overlay-color":"","overlay-opacity":"","overlay-gradient":""},"mobile":{"background-color":"var(--ast-global-color-4)","background-image":"","background-repeat":"repeat","background-position":"center center","background-size":"auto","background-attachment":"scroll","background-type":"","background-media":"","overlay-type":"","overlay-color":"","overlay-opacity":"","overlay-gradient":""}},"two_page_speed":[],"footnotes":""},"categories":[6],"tags":[],"class_list":["post-28","post","type-post","status-publish","format-standard","hentry","category-kriticari"],"yoast_head":"<!-- This site is optimized with the Yoast SEO plugin v27.4 - https:\/\/yoast.com\/product\/yoast-seo-wordpress\/ -->\n<title>Kriti\u010dari o djelu Marije Igaly - toMAgo<\/title>\n<meta name=\"robots\" content=\"index, follow, max-snippet:-1, max-image-preview:large, max-video-preview:-1\" \/>\n<link rel=\"canonical\" href=\"https:\/\/tomago.net\/wordpress\/kriticari-o-djelu-marije-igaly\/\" \/>\n<meta property=\"og:locale\" content=\"hr_HR\" \/>\n<meta property=\"og:type\" content=\"article\" \/>\n<meta property=\"og:title\" content=\"Kriti\u010dari o djelu Marije Igaly - toMAgo\" \/>\n<meta property=\"og:description\" content=\"VLADO BURI\u0106, novinar i slikar, 1982.g. \u201cOd najve\u0107eg ukrasa prirode Marija Igaly dobije jo\u0161 ne\u0161to ljep\u0161e, \u0161to odi\u0161e ljudskim duhom [&hellip;]\" \/>\n<meta property=\"og:url\" content=\"https:\/\/tomago.net\/wordpress\/kriticari-o-djelu-marije-igaly\/\" \/>\n<meta property=\"og:site_name\" content=\"toMAgo\" \/>\n<meta property=\"article:published_time\" content=\"2018-03-14T00:16:06+00:00\" \/>\n<meta property=\"article:modified_time\" content=\"2018-12-11T18:57:10+00:00\" \/>\n<meta property=\"og:image\" content=\"https:\/\/tomago.net\/wordpress\/wp-content\/uploads\/2018\/09\/igaly-web.jpg\" \/>\n\t<meta property=\"og:image:width\" content=\"500\" \/>\n\t<meta property=\"og:image:height\" content=\"619\" \/>\n\t<meta property=\"og:image:type\" content=\"image\/jpeg\" \/>\n<meta name=\"author\" content=\"gigaly\" \/>\n<meta name=\"twitter:card\" content=\"summary_large_image\" \/>\n<meta name=\"twitter:label1\" content=\"Napisao\/la\" \/>\n\t<meta name=\"twitter:data1\" content=\"gigaly\" \/>\n\t<meta name=\"twitter:label2\" content=\"Procijenjeno vrijeme \u010ditanja\" \/>\n\t<meta name=\"twitter:data2\" content=\"3 minute\" \/>\n<script type=\"application\/ld+json\" class=\"yoast-schema-graph\">{\"@context\":\"https:\\\/\\\/schema.org\",\"@graph\":[{\"@type\":\"Article\",\"@id\":\"https:\\\/\\\/tomago.net\\\/wordpress\\\/kriticari-o-djelu-marije-igaly\\\/#article\",\"isPartOf\":{\"@id\":\"https:\\\/\\\/tomago.net\\\/wordpress\\\/kriticari-o-djelu-marije-igaly\\\/\"},\"author\":{\"name\":\"gigaly\",\"@id\":\"https:\\\/\\\/tomago.net\\\/wordpress\\\/#\\\/schema\\\/person\\\/0cea4facb1a1b958c7b369f25c79d242\"},\"headline\":\"Kriti\u010dari o djelu Marije Igaly\",\"datePublished\":\"2018-03-14T00:16:06+00:00\",\"dateModified\":\"2018-12-11T18:57:10+00:00\",\"mainEntityOfPage\":{\"@id\":\"https:\\\/\\\/tomago.net\\\/wordpress\\\/kriticari-o-djelu-marije-igaly\\\/\"},\"wordCount\":543,\"publisher\":{\"@id\":\"https:\\\/\\\/tomago.net\\\/wordpress\\\/#\\\/schema\\\/person\\\/0cea4facb1a1b958c7b369f25c79d242\"},\"articleSection\":[\"Kriti\u010dari\"],\"inLanguage\":\"hr\"},{\"@type\":\"WebPage\",\"@id\":\"https:\\\/\\\/tomago.net\\\/wordpress\\\/kriticari-o-djelu-marije-igaly\\\/\",\"url\":\"https:\\\/\\\/tomago.net\\\/wordpress\\\/kriticari-o-djelu-marije-igaly\\\/\",\"name\":\"Kriti\u010dari o djelu Marije Igaly - toMAgo\",\"isPartOf\":{\"@id\":\"https:\\\/\\\/tomago.net\\\/wordpress\\\/#website\"},\"datePublished\":\"2018-03-14T00:16:06+00:00\",\"dateModified\":\"2018-12-11T18:57:10+00:00\",\"breadcrumb\":{\"@id\":\"https:\\\/\\\/tomago.net\\\/wordpress\\\/kriticari-o-djelu-marije-igaly\\\/#breadcrumb\"},\"inLanguage\":\"hr\",\"potentialAction\":[{\"@type\":\"ReadAction\",\"target\":[\"https:\\\/\\\/tomago.net\\\/wordpress\\\/kriticari-o-djelu-marije-igaly\\\/\"]}]},{\"@type\":\"BreadcrumbList\",\"@id\":\"https:\\\/\\\/tomago.net\\\/wordpress\\\/kriticari-o-djelu-marije-igaly\\\/#breadcrumb\",\"itemListElement\":[{\"@type\":\"ListItem\",\"position\":1,\"name\":\"Po\u010detna stranica\",\"item\":\"https:\\\/\\\/tomago.net\\\/wordpress\\\/\"},{\"@type\":\"ListItem\",\"position\":2,\"name\":\"Kriti\u010dari o djelu Marije Igaly\"}]},{\"@type\":\"WebSite\",\"@id\":\"https:\\\/\\\/tomago.net\\\/wordpress\\\/#website\",\"url\":\"https:\\\/\\\/tomago.net\\\/wordpress\\\/\",\"name\":\"toMAgo\",\"description\":\"\u010dudesan svijet latica\",\"publisher\":{\"@id\":\"https:\\\/\\\/tomago.net\\\/wordpress\\\/#\\\/schema\\\/person\\\/0cea4facb1a1b958c7b369f25c79d242\"},\"potentialAction\":[{\"@type\":\"SearchAction\",\"target\":{\"@type\":\"EntryPoint\",\"urlTemplate\":\"https:\\\/\\\/tomago.net\\\/wordpress\\\/?s={search_term_string}\"},\"query-input\":{\"@type\":\"PropertyValueSpecification\",\"valueRequired\":true,\"valueName\":\"search_term_string\"}}],\"inLanguage\":\"hr\"},{\"@type\":[\"Person\",\"Organization\"],\"@id\":\"https:\\\/\\\/tomago.net\\\/wordpress\\\/#\\\/schema\\\/person\\\/0cea4facb1a1b958c7b369f25c79d242\",\"name\":\"gigaly\",\"image\":{\"@type\":\"ImageObject\",\"inLanguage\":\"hr\",\"@id\":\"https:\\\/\\\/tomago.net\\\/wordpress\\\/wp-content\\\/uploads\\\/2023\\\/03\\\/tomago_logo-1.jpg\",\"url\":\"https:\\\/\\\/tomago.net\\\/wordpress\\\/wp-content\\\/uploads\\\/2023\\\/03\\\/tomago_logo-1.jpg\",\"contentUrl\":\"https:\\\/\\\/tomago.net\\\/wordpress\\\/wp-content\\\/uploads\\\/2023\\\/03\\\/tomago_logo-1.jpg\",\"width\":250,\"height\":250,\"caption\":\"gigaly\"},\"logo\":{\"@id\":\"https:\\\/\\\/tomago.net\\\/wordpress\\\/wp-content\\\/uploads\\\/2023\\\/03\\\/tomago_logo-1.jpg\"}}]}<\/script>\n<!-- \/ Yoast SEO plugin. -->","yoast_head_json":{"title":"Kriti\u010dari o djelu Marije Igaly - toMAgo","robots":{"index":"index","follow":"follow","max-snippet":"max-snippet:-1","max-image-preview":"max-image-preview:large","max-video-preview":"max-video-preview:-1"},"canonical":"https:\/\/tomago.net\/wordpress\/kriticari-o-djelu-marije-igaly\/","og_locale":"hr_HR","og_type":"article","og_title":"Kriti\u010dari o djelu Marije Igaly - toMAgo","og_description":"VLADO BURI\u0106, novinar i slikar, 1982.g. \u201cOd najve\u0107eg ukrasa prirode Marija Igaly dobije jo\u0161 ne\u0161to ljep\u0161e, \u0161to odi\u0161e ljudskim duhom [&hellip;]","og_url":"https:\/\/tomago.net\/wordpress\/kriticari-o-djelu-marije-igaly\/","og_site_name":"toMAgo","article_published_time":"2018-03-14T00:16:06+00:00","article_modified_time":"2018-12-11T18:57:10+00:00","og_image":[{"width":500,"height":619,"url":"https:\/\/tomago.net\/wordpress\/wp-content\/uploads\/2018\/09\/igaly-web.jpg","type":"image\/jpeg"}],"author":"gigaly","twitter_card":"summary_large_image","twitter_misc":{"Napisao\/la":"gigaly","Procijenjeno vrijeme \u010ditanja":"3 minute"},"schema":{"@context":"https:\/\/schema.org","@graph":[{"@type":"Article","@id":"https:\/\/tomago.net\/wordpress\/kriticari-o-djelu-marije-igaly\/#article","isPartOf":{"@id":"https:\/\/tomago.net\/wordpress\/kriticari-o-djelu-marije-igaly\/"},"author":{"name":"gigaly","@id":"https:\/\/tomago.net\/wordpress\/#\/schema\/person\/0cea4facb1a1b958c7b369f25c79d242"},"headline":"Kriti\u010dari o djelu Marije Igaly","datePublished":"2018-03-14T00:16:06+00:00","dateModified":"2018-12-11T18:57:10+00:00","mainEntityOfPage":{"@id":"https:\/\/tomago.net\/wordpress\/kriticari-o-djelu-marije-igaly\/"},"wordCount":543,"publisher":{"@id":"https:\/\/tomago.net\/wordpress\/#\/schema\/person\/0cea4facb1a1b958c7b369f25c79d242"},"articleSection":["Kriti\u010dari"],"inLanguage":"hr"},{"@type":"WebPage","@id":"https:\/\/tomago.net\/wordpress\/kriticari-o-djelu-marije-igaly\/","url":"https:\/\/tomago.net\/wordpress\/kriticari-o-djelu-marije-igaly\/","name":"Kriti\u010dari o djelu Marije Igaly - toMAgo","isPartOf":{"@id":"https:\/\/tomago.net\/wordpress\/#website"},"datePublished":"2018-03-14T00:16:06+00:00","dateModified":"2018-12-11T18:57:10+00:00","breadcrumb":{"@id":"https:\/\/tomago.net\/wordpress\/kriticari-o-djelu-marije-igaly\/#breadcrumb"},"inLanguage":"hr","potentialAction":[{"@type":"ReadAction","target":["https:\/\/tomago.net\/wordpress\/kriticari-o-djelu-marije-igaly\/"]}]},{"@type":"BreadcrumbList","@id":"https:\/\/tomago.net\/wordpress\/kriticari-o-djelu-marije-igaly\/#breadcrumb","itemListElement":[{"@type":"ListItem","position":1,"name":"Po\u010detna stranica","item":"https:\/\/tomago.net\/wordpress\/"},{"@type":"ListItem","position":2,"name":"Kriti\u010dari o djelu Marije Igaly"}]},{"@type":"WebSite","@id":"https:\/\/tomago.net\/wordpress\/#website","url":"https:\/\/tomago.net\/wordpress\/","name":"toMAgo","description":"\u010dudesan svijet latica","publisher":{"@id":"https:\/\/tomago.net\/wordpress\/#\/schema\/person\/0cea4facb1a1b958c7b369f25c79d242"},"potentialAction":[{"@type":"SearchAction","target":{"@type":"EntryPoint","urlTemplate":"https:\/\/tomago.net\/wordpress\/?s={search_term_string}"},"query-input":{"@type":"PropertyValueSpecification","valueRequired":true,"valueName":"search_term_string"}}],"inLanguage":"hr"},{"@type":["Person","Organization"],"@id":"https:\/\/tomago.net\/wordpress\/#\/schema\/person\/0cea4facb1a1b958c7b369f25c79d242","name":"gigaly","image":{"@type":"ImageObject","inLanguage":"hr","@id":"https:\/\/tomago.net\/wordpress\/wp-content\/uploads\/2023\/03\/tomago_logo-1.jpg","url":"https:\/\/tomago.net\/wordpress\/wp-content\/uploads\/2023\/03\/tomago_logo-1.jpg","contentUrl":"https:\/\/tomago.net\/wordpress\/wp-content\/uploads\/2023\/03\/tomago_logo-1.jpg","width":250,"height":250,"caption":"gigaly"},"logo":{"@id":"https:\/\/tomago.net\/wordpress\/wp-content\/uploads\/2023\/03\/tomago_logo-1.jpg"}}]}},"_links":{"self":[{"href":"https:\/\/tomago.net\/wordpress\/wp-json\/wp\/v2\/posts\/28","targetHints":{"allow":["GET"]}}],"collection":[{"href":"https:\/\/tomago.net\/wordpress\/wp-json\/wp\/v2\/posts"}],"about":[{"href":"https:\/\/tomago.net\/wordpress\/wp-json\/wp\/v2\/types\/post"}],"author":[{"embeddable":true,"href":"https:\/\/tomago.net\/wordpress\/wp-json\/wp\/v2\/users\/1"}],"replies":[{"embeddable":true,"href":"https:\/\/tomago.net\/wordpress\/wp-json\/wp\/v2\/comments?post=28"}],"version-history":[{"count":5,"href":"https:\/\/tomago.net\/wordpress\/wp-json\/wp\/v2\/posts\/28\/revisions"}],"predecessor-version":[{"id":313,"href":"https:\/\/tomago.net\/wordpress\/wp-json\/wp\/v2\/posts\/28\/revisions\/313"}],"wp:attachment":[{"href":"https:\/\/tomago.net\/wordpress\/wp-json\/wp\/v2\/media?parent=28"}],"wp:term":[{"taxonomy":"category","embeddable":true,"href":"https:\/\/tomago.net\/wordpress\/wp-json\/wp\/v2\/categories?post=28"},{"taxonomy":"post_tag","embeddable":true,"href":"https:\/\/tomago.net\/wordpress\/wp-json\/wp\/v2\/tags?post=28"}],"curies":[{"name":"wp","href":"https:\/\/api.w.org\/{rel}","templated":true}]}}