{"id":363,"date":"2019-07-27T13:21:43","date_gmt":"2019-07-27T12:21:43","guid":{"rendered":"http:\/\/tomago.net\/wordpress\/?p=363"},"modified":"2025-12-10T10:30:30","modified_gmt":"2025-12-10T09:30:30","slug":"radionica-u-botanickom-27-srpnja-2019","status":"publish","type":"post","link":"https:\/\/tomago.net\/wordpress\/radionica-u-botanickom-27-srpnja-2019\/","title":{"rendered":"Radionica u Botani\u010dkom 27. srpnja 2019."},"content":{"rendered":"\n<p class=\"wp-block-paragraph\">U subotu 27. srpnja odr\u017eana je toMAgo radionica u Botani\u010dkom vrtu u Zagrebu.<\/p>\n\n\n\n<figure class=\"wp-block-image\"><img decoding=\"async\" src=\"https:\/\/tomago.net\/wordpress\/wp-content\/uploads\/2019\/09\/IMG_20190727_124359-1024x576.jpg\" alt=\"\" class=\"wp-image-364\"\/><\/figure>\n\n\n\n<figure class=\"wp-block-image\"><img decoding=\"async\" src=\"https:\/\/tomago.net\/wordpress\/wp-content\/uploads\/2019\/09\/IMG_20190727_123859-1024x709.jpg\" alt=\"\" class=\"wp-image-365\"\/><\/figure>\n","protected":false},"excerpt":{"rendered":"<p>U subotu 27. srpnja odr\u017eana je toMAgo radionica u Botani\u010dkom vrtu u Zagrebu.<\/p>\n","protected":false},"author":1,"featured_media":364,"comment_status":"closed","ping_status":"closed","sticky":false,"template":"","format":"standard","meta":{"_crdt_document":"","site-sidebar-layout":"default","site-content-layout":"","ast-site-content-layout":"default","site-content-style":"default","site-sidebar-style":"default","ast-global-header-display":"","ast-banner-title-visibility":"","ast-main-header-display":"","ast-hfb-above-header-display":"","ast-hfb-below-header-display":"","ast-hfb-mobile-header-display":"","site-post-title":"","ast-breadcrumbs-content":"","ast-featured-img":"","footer-sml-layout":"","theme-transparent-header-meta":"default","adv-header-id-meta":"","stick-header-meta":"","header-above-stick-meta":"","header-main-stick-meta":"","header-below-stick-meta":"","astra-migrate-meta-layouts":"default","ast-page-background-enabled":"default","ast-page-background-meta":{"desktop":{"background-color":"var(--ast-global-color-5)","background-image":"","background-repeat":"repeat","background-position":"center center","background-size":"auto","background-attachment":"scroll","background-type":"","background-media":"","overlay-type":"","overlay-color":"","overlay-opacity":"","overlay-gradient":""},"tablet":{"background-color":"","background-image":"","background-repeat":"repeat","background-position":"center center","background-size":"auto","background-attachment":"scroll","background-type":"","background-media":"","overlay-type":"","overlay-color":"","overlay-opacity":"","overlay-gradient":""},"mobile":{"background-color":"","background-image":"","background-repeat":"repeat","background-position":"center center","background-size":"auto","background-attachment":"scroll","background-type":"","background-media":"","overlay-type":"","overlay-color":"","overlay-opacity":"","overlay-gradient":""}},"ast-content-background-meta":{"desktop":{"background-color":"var(--ast-global-color-4)","background-image":"","background-repeat":"repeat","background-position":"center center","background-size":"auto","background-attachment":"scroll","background-type":"","background-media":"","overlay-type":"","overlay-color":"","overlay-opacity":"","overlay-gradient":""},"tablet":{"background-color":"var(--ast-global-color-4)","background-image":"","background-repeat":"repeat","background-position":"center center","background-size":"auto","background-attachment":"scroll","background-type":"","background-media":"","overlay-type":"","overlay-color":"","overlay-opacity":"","overlay-gradient":""},"mobile":{"background-color":"var(--ast-global-color-4)","background-image":"","background-repeat":"repeat","background-position":"center center","background-size":"auto","background-attachment":"scroll","background-type":"","background-media":"","overlay-type":"","overlay-color":"","overlay-opacity":"","overlay-gradient":""}},"two_page_speed":[],"footnotes":""},"categories":[4,7],"tags":[],"class_list":["post-363","post","type-post","status-publish","format-standard","has-post-thumbnail","hentry","category-aktualno","category-tomago-u-botanickom"],"yoast_head":"<!-- This site is optimized with the Yoast SEO plugin v27.4 - https:\/\/yoast.com\/product\/yoast-seo-wordpress\/ -->\n<title>Radionica u Botani\u010dkom 27. srpnja 2019. - toMAgo<\/title>\n<meta name=\"robots\" content=\"index, follow, max-snippet:-1, max-image-preview:large, max-video-preview:-1\" \/>\n<link rel=\"canonical\" href=\"https:\/\/tomago.net\/wordpress\/radionica-u-botanickom-27-srpnja-2019\/\" \/>\n<meta property=\"og:locale\" content=\"hr_HR\" \/>\n<meta property=\"og:type\" content=\"article\" \/>\n<meta property=\"og:title\" content=\"Radionica u Botani\u010dkom 27. srpnja 2019. - toMAgo\" \/>\n<meta property=\"og:description\" content=\"U subotu 27. srpnja odr\u017eana je toMAgo radionica u Botani\u010dkom vrtu u Zagrebu.\" \/>\n<meta property=\"og:url\" content=\"https:\/\/tomago.net\/wordpress\/radionica-u-botanickom-27-srpnja-2019\/\" \/>\n<meta property=\"og:site_name\" content=\"toMAgo\" \/>\n<meta property=\"article:published_time\" content=\"2019-07-27T12:21:43+00:00\" \/>\n<meta property=\"article:modified_time\" content=\"2025-12-10T09:30:30+00:00\" \/>\n<meta property=\"og:image\" content=\"https:\/\/tomago.net\/wordpress\/wp-content\/uploads\/2019\/09\/IMG_20190727_124359.jpg\" \/>\n\t<meta property=\"og:image:width\" content=\"2560\" \/>\n\t<meta property=\"og:image:height\" content=\"1440\" \/>\n\t<meta property=\"og:image:type\" content=\"image\/jpeg\" \/>\n<meta name=\"author\" content=\"gigaly\" \/>\n<meta name=\"twitter:card\" content=\"summary_large_image\" \/>\n<meta name=\"twitter:label1\" content=\"Napisao\/la\" \/>\n\t<meta name=\"twitter:data1\" content=\"gigaly\" \/>\n\t<meta name=\"twitter:label2\" content=\"Procijenjeno vrijeme \u010ditanja\" \/>\n\t<meta name=\"twitter:data2\" content=\"1 minuta\" \/>\n<script type=\"application\/ld+json\" class=\"yoast-schema-graph\">{\"@context\":\"https:\\\/\\\/schema.org\",\"@graph\":[{\"@type\":\"Article\",\"@id\":\"https:\\\/\\\/tomago.net\\\/wordpress\\\/radionica-u-botanickom-27-srpnja-2019\\\/#article\",\"isPartOf\":{\"@id\":\"https:\\\/\\\/tomago.net\\\/wordpress\\\/radionica-u-botanickom-27-srpnja-2019\\\/\"},\"author\":{\"name\":\"gigaly\",\"@id\":\"https:\\\/\\\/tomago.net\\\/wordpress\\\/#\\\/schema\\\/person\\\/0cea4facb1a1b958c7b369f25c79d242\"},\"headline\":\"Radionica u Botani\u010dkom 27. srpnja 2019.\",\"datePublished\":\"2019-07-27T12:21:43+00:00\",\"dateModified\":\"2025-12-10T09:30:30+00:00\",\"mainEntityOfPage\":{\"@id\":\"https:\\\/\\\/tomago.net\\\/wordpress\\\/radionica-u-botanickom-27-srpnja-2019\\\/\"},\"wordCount\":19,\"publisher\":{\"@id\":\"https:\\\/\\\/tomago.net\\\/wordpress\\\/#\\\/schema\\\/person\\\/0cea4facb1a1b958c7b369f25c79d242\"},\"image\":{\"@id\":\"https:\\\/\\\/tomago.net\\\/wordpress\\\/radionica-u-botanickom-27-srpnja-2019\\\/#primaryimage\"},\"thumbnailUrl\":\"https:\\\/\\\/tomago.net\\\/wordpress\\\/wp-content\\\/uploads\\\/2019\\\/09\\\/IMG_20190727_124359.jpg\",\"articleSection\":[\"Aktualno\",\"toMAgo u Botani\u010dkom\"],\"inLanguage\":\"hr\"},{\"@type\":\"WebPage\",\"@id\":\"https:\\\/\\\/tomago.net\\\/wordpress\\\/radionica-u-botanickom-27-srpnja-2019\\\/\",\"url\":\"https:\\\/\\\/tomago.net\\\/wordpress\\\/radionica-u-botanickom-27-srpnja-2019\\\/\",\"name\":\"Radionica u Botani\u010dkom 27. srpnja 2019. - toMAgo\",\"isPartOf\":{\"@id\":\"https:\\\/\\\/tomago.net\\\/wordpress\\\/#website\"},\"primaryImageOfPage\":{\"@id\":\"https:\\\/\\\/tomago.net\\\/wordpress\\\/radionica-u-botanickom-27-srpnja-2019\\\/#primaryimage\"},\"image\":{\"@id\":\"https:\\\/\\\/tomago.net\\\/wordpress\\\/radionica-u-botanickom-27-srpnja-2019\\\/#primaryimage\"},\"thumbnailUrl\":\"https:\\\/\\\/tomago.net\\\/wordpress\\\/wp-content\\\/uploads\\\/2019\\\/09\\\/IMG_20190727_124359.jpg\",\"datePublished\":\"2019-07-27T12:21:43+00:00\",\"dateModified\":\"2025-12-10T09:30:30+00:00\",\"breadcrumb\":{\"@id\":\"https:\\\/\\\/tomago.net\\\/wordpress\\\/radionica-u-botanickom-27-srpnja-2019\\\/#breadcrumb\"},\"inLanguage\":\"hr\",\"potentialAction\":[{\"@type\":\"ReadAction\",\"target\":[\"https:\\\/\\\/tomago.net\\\/wordpress\\\/radionica-u-botanickom-27-srpnja-2019\\\/\"]}]},{\"@type\":\"ImageObject\",\"inLanguage\":\"hr\",\"@id\":\"https:\\\/\\\/tomago.net\\\/wordpress\\\/radionica-u-botanickom-27-srpnja-2019\\\/#primaryimage\",\"url\":\"https:\\\/\\\/tomago.net\\\/wordpress\\\/wp-content\\\/uploads\\\/2019\\\/09\\\/IMG_20190727_124359.jpg\",\"contentUrl\":\"https:\\\/\\\/tomago.net\\\/wordpress\\\/wp-content\\\/uploads\\\/2019\\\/09\\\/IMG_20190727_124359.jpg\",\"width\":2560,\"height\":1440},{\"@type\":\"BreadcrumbList\",\"@id\":\"https:\\\/\\\/tomago.net\\\/wordpress\\\/radionica-u-botanickom-27-srpnja-2019\\\/#breadcrumb\",\"itemListElement\":[{\"@type\":\"ListItem\",\"position\":1,\"name\":\"Po\u010detna stranica\",\"item\":\"https:\\\/\\\/tomago.net\\\/wordpress\\\/\"},{\"@type\":\"ListItem\",\"position\":2,\"name\":\"Radionica u Botani\u010dkom 27. srpnja 2019.\"}]},{\"@type\":\"WebSite\",\"@id\":\"https:\\\/\\\/tomago.net\\\/wordpress\\\/#website\",\"url\":\"https:\\\/\\\/tomago.net\\\/wordpress\\\/\",\"name\":\"toMAgo\",\"description\":\"\u010dudesan svijet latica\",\"publisher\":{\"@id\":\"https:\\\/\\\/tomago.net\\\/wordpress\\\/#\\\/schema\\\/person\\\/0cea4facb1a1b958c7b369f25c79d242\"},\"potentialAction\":[{\"@type\":\"SearchAction\",\"target\":{\"@type\":\"EntryPoint\",\"urlTemplate\":\"https:\\\/\\\/tomago.net\\\/wordpress\\\/?s={search_term_string}\"},\"query-input\":{\"@type\":\"PropertyValueSpecification\",\"valueRequired\":true,\"valueName\":\"search_term_string\"}}],\"inLanguage\":\"hr\"},{\"@type\":[\"Person\",\"Organization\"],\"@id\":\"https:\\\/\\\/tomago.net\\\/wordpress\\\/#\\\/schema\\\/person\\\/0cea4facb1a1b958c7b369f25c79d242\",\"name\":\"gigaly\",\"image\":{\"@type\":\"ImageObject\",\"inLanguage\":\"hr\",\"@id\":\"https:\\\/\\\/tomago.net\\\/wordpress\\\/wp-content\\\/uploads\\\/2023\\\/03\\\/tomago_logo-1.jpg\",\"url\":\"https:\\\/\\\/tomago.net\\\/wordpress\\\/wp-content\\\/uploads\\\/2023\\\/03\\\/tomago_logo-1.jpg\",\"contentUrl\":\"https:\\\/\\\/tomago.net\\\/wordpress\\\/wp-content\\\/uploads\\\/2023\\\/03\\\/tomago_logo-1.jpg\",\"width\":250,\"height\":250,\"caption\":\"gigaly\"},\"logo\":{\"@id\":\"https:\\\/\\\/tomago.net\\\/wordpress\\\/wp-content\\\/uploads\\\/2023\\\/03\\\/tomago_logo-1.jpg\"}}]}<\/script>\n<!-- \/ Yoast SEO plugin. -->","yoast_head_json":{"title":"Radionica u Botani\u010dkom 27. srpnja 2019. - toMAgo","robots":{"index":"index","follow":"follow","max-snippet":"max-snippet:-1","max-image-preview":"max-image-preview:large","max-video-preview":"max-video-preview:-1"},"canonical":"https:\/\/tomago.net\/wordpress\/radionica-u-botanickom-27-srpnja-2019\/","og_locale":"hr_HR","og_type":"article","og_title":"Radionica u Botani\u010dkom 27. srpnja 2019. - toMAgo","og_description":"U subotu 27. srpnja odr\u017eana je toMAgo radionica u Botani\u010dkom vrtu u Zagrebu.","og_url":"https:\/\/tomago.net\/wordpress\/radionica-u-botanickom-27-srpnja-2019\/","og_site_name":"toMAgo","article_published_time":"2019-07-27T12:21:43+00:00","article_modified_time":"2025-12-10T09:30:30+00:00","og_image":[{"width":2560,"height":1440,"url":"https:\/\/tomago.net\/wordpress\/wp-content\/uploads\/2019\/09\/IMG_20190727_124359.jpg","type":"image\/jpeg"}],"author":"gigaly","twitter_card":"summary_large_image","twitter_misc":{"Napisao\/la":"gigaly","Procijenjeno vrijeme \u010ditanja":"1 minuta"},"schema":{"@context":"https:\/\/schema.org","@graph":[{"@type":"Article","@id":"https:\/\/tomago.net\/wordpress\/radionica-u-botanickom-27-srpnja-2019\/#article","isPartOf":{"@id":"https:\/\/tomago.net\/wordpress\/radionica-u-botanickom-27-srpnja-2019\/"},"author":{"name":"gigaly","@id":"https:\/\/tomago.net\/wordpress\/#\/schema\/person\/0cea4facb1a1b958c7b369f25c79d242"},"headline":"Radionica u Botani\u010dkom 27. srpnja 2019.","datePublished":"2019-07-27T12:21:43+00:00","dateModified":"2025-12-10T09:30:30+00:00","mainEntityOfPage":{"@id":"https:\/\/tomago.net\/wordpress\/radionica-u-botanickom-27-srpnja-2019\/"},"wordCount":19,"publisher":{"@id":"https:\/\/tomago.net\/wordpress\/#\/schema\/person\/0cea4facb1a1b958c7b369f25c79d242"},"image":{"@id":"https:\/\/tomago.net\/wordpress\/radionica-u-botanickom-27-srpnja-2019\/#primaryimage"},"thumbnailUrl":"https:\/\/tomago.net\/wordpress\/wp-content\/uploads\/2019\/09\/IMG_20190727_124359.jpg","articleSection":["Aktualno","toMAgo u Botani\u010dkom"],"inLanguage":"hr"},{"@type":"WebPage","@id":"https:\/\/tomago.net\/wordpress\/radionica-u-botanickom-27-srpnja-2019\/","url":"https:\/\/tomago.net\/wordpress\/radionica-u-botanickom-27-srpnja-2019\/","name":"Radionica u Botani\u010dkom 27. srpnja 2019. - toMAgo","isPartOf":{"@id":"https:\/\/tomago.net\/wordpress\/#website"},"primaryImageOfPage":{"@id":"https:\/\/tomago.net\/wordpress\/radionica-u-botanickom-27-srpnja-2019\/#primaryimage"},"image":{"@id":"https:\/\/tomago.net\/wordpress\/radionica-u-botanickom-27-srpnja-2019\/#primaryimage"},"thumbnailUrl":"https:\/\/tomago.net\/wordpress\/wp-content\/uploads\/2019\/09\/IMG_20190727_124359.jpg","datePublished":"2019-07-27T12:21:43+00:00","dateModified":"2025-12-10T09:30:30+00:00","breadcrumb":{"@id":"https:\/\/tomago.net\/wordpress\/radionica-u-botanickom-27-srpnja-2019\/#breadcrumb"},"inLanguage":"hr","potentialAction":[{"@type":"ReadAction","target":["https:\/\/tomago.net\/wordpress\/radionica-u-botanickom-27-srpnja-2019\/"]}]},{"@type":"ImageObject","inLanguage":"hr","@id":"https:\/\/tomago.net\/wordpress\/radionica-u-botanickom-27-srpnja-2019\/#primaryimage","url":"https:\/\/tomago.net\/wordpress\/wp-content\/uploads\/2019\/09\/IMG_20190727_124359.jpg","contentUrl":"https:\/\/tomago.net\/wordpress\/wp-content\/uploads\/2019\/09\/IMG_20190727_124359.jpg","width":2560,"height":1440},{"@type":"BreadcrumbList","@id":"https:\/\/tomago.net\/wordpress\/radionica-u-botanickom-27-srpnja-2019\/#breadcrumb","itemListElement":[{"@type":"ListItem","position":1,"name":"Po\u010detna stranica","item":"https:\/\/tomago.net\/wordpress\/"},{"@type":"ListItem","position":2,"name":"Radionica u Botani\u010dkom 27. srpnja 2019."}]},{"@type":"WebSite","@id":"https:\/\/tomago.net\/wordpress\/#website","url":"https:\/\/tomago.net\/wordpress\/","name":"toMAgo","description":"\u010dudesan svijet latica","publisher":{"@id":"https:\/\/tomago.net\/wordpress\/#\/schema\/person\/0cea4facb1a1b958c7b369f25c79d242"},"potentialAction":[{"@type":"SearchAction","target":{"@type":"EntryPoint","urlTemplate":"https:\/\/tomago.net\/wordpress\/?s={search_term_string}"},"query-input":{"@type":"PropertyValueSpecification","valueRequired":true,"valueName":"search_term_string"}}],"inLanguage":"hr"},{"@type":["Person","Organization"],"@id":"https:\/\/tomago.net\/wordpress\/#\/schema\/person\/0cea4facb1a1b958c7b369f25c79d242","name":"gigaly","image":{"@type":"ImageObject","inLanguage":"hr","@id":"https:\/\/tomago.net\/wordpress\/wp-content\/uploads\/2023\/03\/tomago_logo-1.jpg","url":"https:\/\/tomago.net\/wordpress\/wp-content\/uploads\/2023\/03\/tomago_logo-1.jpg","contentUrl":"https:\/\/tomago.net\/wordpress\/wp-content\/uploads\/2023\/03\/tomago_logo-1.jpg","width":250,"height":250,"caption":"gigaly"},"logo":{"@id":"https:\/\/tomago.net\/wordpress\/wp-content\/uploads\/2023\/03\/tomago_logo-1.jpg"}}]}},"_links":{"self":[{"href":"https:\/\/tomago.net\/wordpress\/wp-json\/wp\/v2\/posts\/363","targetHints":{"allow":["GET"]}}],"collection":[{"href":"https:\/\/tomago.net\/wordpress\/wp-json\/wp\/v2\/posts"}],"about":[{"href":"https:\/\/tomago.net\/wordpress\/wp-json\/wp\/v2\/types\/post"}],"author":[{"embeddable":true,"href":"https:\/\/tomago.net\/wordpress\/wp-json\/wp\/v2\/users\/1"}],"replies":[{"embeddable":true,"href":"https:\/\/tomago.net\/wordpress\/wp-json\/wp\/v2\/comments?post=363"}],"version-history":[{"count":1,"href":"https:\/\/tomago.net\/wordpress\/wp-json\/wp\/v2\/posts\/363\/revisions"}],"predecessor-version":[{"id":366,"href":"https:\/\/tomago.net\/wordpress\/wp-json\/wp\/v2\/posts\/363\/revisions\/366"}],"wp:featuredmedia":[{"embeddable":true,"href":"https:\/\/tomago.net\/wordpress\/wp-json\/wp\/v2\/media\/364"}],"wp:attachment":[{"href":"https:\/\/tomago.net\/wordpress\/wp-json\/wp\/v2\/media?parent=363"}],"wp:term":[{"taxonomy":"category","embeddable":true,"href":"https:\/\/tomago.net\/wordpress\/wp-json\/wp\/v2\/categories?post=363"},{"taxonomy":"post_tag","embeddable":true,"href":"https:\/\/tomago.net\/wordpress\/wp-json\/wp\/v2\/tags?post=363"}],"curies":[{"name":"wp","href":"https:\/\/api.w.org\/{rel}","templated":true}]}}