{"id":52,"date":"2016-11-05T16:58:14","date_gmt":"2016-11-05T16:58:14","guid":{"rendered":"http:\/\/tomago.net\/wordpress\/?p=52"},"modified":"2026-02-22T20:47:13","modified_gmt":"2026-02-22T19:47:13","slug":"izlozba-u-kulturnom-centru-travno","status":"publish","type":"post","link":"https:\/\/tomago.net\/wordpress\/izlozba-u-kulturnom-centru-travno\/","title":{"rendered":"Izlo\u017eba u Kulturnom centru Travno"},"content":{"rendered":"<p><a href=\"\/wordpress\/wp-content\/uploads\/2018\/09\/Katalog-Travno-11-2016-a.pdf\"><img loading=\"lazy\" decoding=\"async\" src=\"\/wordpress\/wp-content\/uploads\/2018\/09\/2016-11-05-0003-mali-2.jpg\" alt=\"\" width=\"203\" height=\"280\" \/><\/a><\/p>\n<p>U galeriji Kulturnog centra Travno, Zagreb, Bo\u017eidara Magovca 17 postavljena je izlo\u017eba &#8220;\u010cudesni svijet latica&#8221; autorice Marije Igaly u tehnici toMAgo. Izlo\u017eba se mo\u017ee razgledati od 7. do 11.\u00a0studenoga\u00a02016. od 9 do 19 sati.<\/p>\n<p>[IZL-S-0010]<\/p>\n<p>&nbsp;<\/p>\n","protected":false},"excerpt":{"rendered":"<p>U galeriji Kulturnog centra Travno, Zagreb, Bo\u017eidara Magovca 17 postavljena je izlo\u017eba &#8220;\u010cudesni svijet latica&#8221; autorice Marije Igaly u tehnici [&hellip;]<\/p>\n","protected":false},"author":1,"featured_media":2233,"comment_status":"closed","ping_status":"closed","sticky":false,"template":"","format":"standard","meta":{"_crdt_document":"","site-sidebar-layout":"default","site-content-layout":"","ast-site-content-layout":"default","site-content-style":"default","site-sidebar-style":"default","ast-global-header-display":"","ast-banner-title-visibility":"","ast-main-header-display":"","ast-hfb-above-header-display":"","ast-hfb-below-header-display":"","ast-hfb-mobile-header-display":"","site-post-title":"","ast-breadcrumbs-content":"","ast-featured-img":"","footer-sml-layout":"","theme-transparent-header-meta":"default","adv-header-id-meta":"","stick-header-meta":"","header-above-stick-meta":"","header-main-stick-meta":"","header-below-stick-meta":"","astra-migrate-meta-layouts":"set","ast-page-background-enabled":"default","ast-page-background-meta":{"desktop":{"background-color":"var(--ast-global-color-5)","background-image":"","background-repeat":"repeat","background-position":"center center","background-size":"auto","background-attachment":"scroll","background-type":"","background-media":"","overlay-type":"","overlay-color":"","overlay-opacity":"","overlay-gradient":""},"tablet":{"background-color":"","background-image":"","background-repeat":"repeat","background-position":"center center","background-size":"auto","background-attachment":"scroll","background-type":"","background-media":"","overlay-type":"","overlay-color":"","overlay-opacity":"","overlay-gradient":""},"mobile":{"background-color":"","background-image":"","background-repeat":"repeat","background-position":"center center","background-size":"auto","background-attachment":"scroll","background-type":"","background-media":"","overlay-type":"","overlay-color":"","overlay-opacity":"","overlay-gradient":""}},"ast-content-background-meta":{"desktop":{"background-color":"var(--ast-global-color-4)","background-image":"","background-repeat":"repeat","background-position":"center center","background-size":"auto","background-attachment":"scroll","background-type":"","background-media":"","overlay-type":"","overlay-color":"","overlay-opacity":"","overlay-gradient":""},"tablet":{"background-color":"var(--ast-global-color-4)","background-image":"","background-repeat":"repeat","background-position":"center center","background-size":"auto","background-attachment":"scroll","background-type":"","background-media":"","overlay-type":"","overlay-color":"","overlay-opacity":"","overlay-gradient":""},"mobile":{"background-color":"var(--ast-global-color-4)","background-image":"","background-repeat":"repeat","background-position":"center center","background-size":"auto","background-attachment":"scroll","background-type":"","background-media":"","overlay-type":"","overlay-color":"","overlay-opacity":"","overlay-gradient":""}},"two_page_speed":[],"footnotes":""},"categories":[21,10],"tags":[171],"class_list":["post-52","post","type-post","status-publish","format-standard","has-post-thumbnail","hentry","category-izlozbe","category-samostalne-izlozbe","tag-izl-s-0010"],"yoast_head":"<!-- This site is optimized with the Yoast SEO plugin v27.4 - https:\/\/yoast.com\/product\/yoast-seo-wordpress\/ -->\n<title>Izlo\u017eba u Kulturnom centru Travno - toMAgo<\/title>\n<meta name=\"robots\" content=\"index, follow, max-snippet:-1, max-image-preview:large, max-video-preview:-1\" \/>\n<link rel=\"canonical\" href=\"https:\/\/tomago.net\/wordpress\/izlozba-u-kulturnom-centru-travno\/\" \/>\n<meta property=\"og:locale\" content=\"hr_HR\" \/>\n<meta property=\"og:type\" content=\"article\" \/>\n<meta property=\"og:title\" content=\"Izlo\u017eba u Kulturnom centru Travno - toMAgo\" \/>\n<meta property=\"og:description\" content=\"U galeriji Kulturnog centra Travno, Zagreb, Bo\u017eidara Magovca 17 postavljena je izlo\u017eba &#8220;\u010cudesni svijet latica&#8221; autorice Marije Igaly u tehnici [&hellip;]\" \/>\n<meta property=\"og:url\" content=\"https:\/\/tomago.net\/wordpress\/izlozba-u-kulturnom-centru-travno\/\" \/>\n<meta property=\"og:site_name\" content=\"toMAgo\" \/>\n<meta property=\"article:published_time\" content=\"2016-11-05T16:58:14+00:00\" \/>\n<meta property=\"article:modified_time\" content=\"2026-02-22T19:47:13+00:00\" \/>\n<meta property=\"og:image\" content=\"https:\/\/tomago.net\/wordpress\/wp-content\/uploads\/2016\/11\/2016-11-05-0003-scaled-e1771789614966.jpg\" \/>\n\t<meta property=\"og:image:width\" content=\"1856\" \/>\n\t<meta property=\"og:image:height\" content=\"1173\" \/>\n\t<meta property=\"og:image:type\" content=\"image\/jpeg\" \/>\n<meta name=\"author\" content=\"gigaly\" \/>\n<meta name=\"twitter:card\" content=\"summary_large_image\" \/>\n<meta name=\"twitter:label1\" content=\"Napisao\/la\" \/>\n\t<meta name=\"twitter:data1\" content=\"gigaly\" \/>\n\t<meta name=\"twitter:label2\" content=\"Procijenjeno vrijeme \u010ditanja\" \/>\n\t<meta name=\"twitter:data2\" content=\"1 minuta\" \/>\n<script type=\"application\/ld+json\" class=\"yoast-schema-graph\">{\"@context\":\"https:\\\/\\\/schema.org\",\"@graph\":[{\"@type\":\"Article\",\"@id\":\"https:\\\/\\\/tomago.net\\\/wordpress\\\/izlozba-u-kulturnom-centru-travno\\\/#article\",\"isPartOf\":{\"@id\":\"https:\\\/\\\/tomago.net\\\/wordpress\\\/izlozba-u-kulturnom-centru-travno\\\/\"},\"author\":{\"name\":\"gigaly\",\"@id\":\"https:\\\/\\\/tomago.net\\\/wordpress\\\/#\\\/schema\\\/person\\\/0cea4facb1a1b958c7b369f25c79d242\"},\"headline\":\"Izlo\u017eba u Kulturnom centru Travno\",\"datePublished\":\"2016-11-05T16:58:14+00:00\",\"dateModified\":\"2026-02-22T19:47:13+00:00\",\"mainEntityOfPage\":{\"@id\":\"https:\\\/\\\/tomago.net\\\/wordpress\\\/izlozba-u-kulturnom-centru-travno\\\/\"},\"wordCount\":42,\"publisher\":{\"@id\":\"https:\\\/\\\/tomago.net\\\/wordpress\\\/#\\\/schema\\\/person\\\/0cea4facb1a1b958c7b369f25c79d242\"},\"image\":{\"@id\":\"https:\\\/\\\/tomago.net\\\/wordpress\\\/izlozba-u-kulturnom-centru-travno\\\/#primaryimage\"},\"thumbnailUrl\":\"https:\\\/\\\/tomago.net\\\/wordpress\\\/wp-content\\\/uploads\\\/2016\\\/11\\\/2016-11-05-0003-scaled-e1771789614966.jpg\",\"keywords\":[\"IZL-S-0010\"],\"articleSection\":[\"Izlo\u017ebe\",\"Samostalne izlo\u017ebe\"],\"inLanguage\":\"hr\"},{\"@type\":\"WebPage\",\"@id\":\"https:\\\/\\\/tomago.net\\\/wordpress\\\/izlozba-u-kulturnom-centru-travno\\\/\",\"url\":\"https:\\\/\\\/tomago.net\\\/wordpress\\\/izlozba-u-kulturnom-centru-travno\\\/\",\"name\":\"Izlo\u017eba u Kulturnom centru Travno - toMAgo\",\"isPartOf\":{\"@id\":\"https:\\\/\\\/tomago.net\\\/wordpress\\\/#website\"},\"primaryImageOfPage\":{\"@id\":\"https:\\\/\\\/tomago.net\\\/wordpress\\\/izlozba-u-kulturnom-centru-travno\\\/#primaryimage\"},\"image\":{\"@id\":\"https:\\\/\\\/tomago.net\\\/wordpress\\\/izlozba-u-kulturnom-centru-travno\\\/#primaryimage\"},\"thumbnailUrl\":\"https:\\\/\\\/tomago.net\\\/wordpress\\\/wp-content\\\/uploads\\\/2016\\\/11\\\/2016-11-05-0003-scaled-e1771789614966.jpg\",\"datePublished\":\"2016-11-05T16:58:14+00:00\",\"dateModified\":\"2026-02-22T19:47:13+00:00\",\"breadcrumb\":{\"@id\":\"https:\\\/\\\/tomago.net\\\/wordpress\\\/izlozba-u-kulturnom-centru-travno\\\/#breadcrumb\"},\"inLanguage\":\"hr\",\"potentialAction\":[{\"@type\":\"ReadAction\",\"target\":[\"https:\\\/\\\/tomago.net\\\/wordpress\\\/izlozba-u-kulturnom-centru-travno\\\/\"]}]},{\"@type\":\"ImageObject\",\"inLanguage\":\"hr\",\"@id\":\"https:\\\/\\\/tomago.net\\\/wordpress\\\/izlozba-u-kulturnom-centru-travno\\\/#primaryimage\",\"url\":\"https:\\\/\\\/tomago.net\\\/wordpress\\\/wp-content\\\/uploads\\\/2016\\\/11\\\/2016-11-05-0003-scaled-e1771789614966.jpg\",\"contentUrl\":\"https:\\\/\\\/tomago.net\\\/wordpress\\\/wp-content\\\/uploads\\\/2016\\\/11\\\/2016-11-05-0003-scaled-e1771789614966.jpg\",\"width\":1856,\"height\":1173},{\"@type\":\"BreadcrumbList\",\"@id\":\"https:\\\/\\\/tomago.net\\\/wordpress\\\/izlozba-u-kulturnom-centru-travno\\\/#breadcrumb\",\"itemListElement\":[{\"@type\":\"ListItem\",\"position\":1,\"name\":\"Po\u010detna stranica\",\"item\":\"https:\\\/\\\/tomago.net\\\/wordpress\\\/\"},{\"@type\":\"ListItem\",\"position\":2,\"name\":\"Izlo\u017eba u Kulturnom centru Travno\"}]},{\"@type\":\"WebSite\",\"@id\":\"https:\\\/\\\/tomago.net\\\/wordpress\\\/#website\",\"url\":\"https:\\\/\\\/tomago.net\\\/wordpress\\\/\",\"name\":\"toMAgo\",\"description\":\"\u010dudesan svijet latica\",\"publisher\":{\"@id\":\"https:\\\/\\\/tomago.net\\\/wordpress\\\/#\\\/schema\\\/person\\\/0cea4facb1a1b958c7b369f25c79d242\"},\"potentialAction\":[{\"@type\":\"SearchAction\",\"target\":{\"@type\":\"EntryPoint\",\"urlTemplate\":\"https:\\\/\\\/tomago.net\\\/wordpress\\\/?s={search_term_string}\"},\"query-input\":{\"@type\":\"PropertyValueSpecification\",\"valueRequired\":true,\"valueName\":\"search_term_string\"}}],\"inLanguage\":\"hr\"},{\"@type\":[\"Person\",\"Organization\"],\"@id\":\"https:\\\/\\\/tomago.net\\\/wordpress\\\/#\\\/schema\\\/person\\\/0cea4facb1a1b958c7b369f25c79d242\",\"name\":\"gigaly\",\"image\":{\"@type\":\"ImageObject\",\"inLanguage\":\"hr\",\"@id\":\"https:\\\/\\\/tomago.net\\\/wordpress\\\/wp-content\\\/uploads\\\/2023\\\/03\\\/tomago_logo-1.jpg\",\"url\":\"https:\\\/\\\/tomago.net\\\/wordpress\\\/wp-content\\\/uploads\\\/2023\\\/03\\\/tomago_logo-1.jpg\",\"contentUrl\":\"https:\\\/\\\/tomago.net\\\/wordpress\\\/wp-content\\\/uploads\\\/2023\\\/03\\\/tomago_logo-1.jpg\",\"width\":250,\"height\":250,\"caption\":\"gigaly\"},\"logo\":{\"@id\":\"https:\\\/\\\/tomago.net\\\/wordpress\\\/wp-content\\\/uploads\\\/2023\\\/03\\\/tomago_logo-1.jpg\"}}]}<\/script>\n<!-- \/ Yoast SEO plugin. -->","yoast_head_json":{"title":"Izlo\u017eba u Kulturnom centru Travno - toMAgo","robots":{"index":"index","follow":"follow","max-snippet":"max-snippet:-1","max-image-preview":"max-image-preview:large","max-video-preview":"max-video-preview:-1"},"canonical":"https:\/\/tomago.net\/wordpress\/izlozba-u-kulturnom-centru-travno\/","og_locale":"hr_HR","og_type":"article","og_title":"Izlo\u017eba u Kulturnom centru Travno - toMAgo","og_description":"U galeriji Kulturnog centra Travno, Zagreb, Bo\u017eidara Magovca 17 postavljena je izlo\u017eba &#8220;\u010cudesni svijet latica&#8221; autorice Marije Igaly u tehnici [&hellip;]","og_url":"https:\/\/tomago.net\/wordpress\/izlozba-u-kulturnom-centru-travno\/","og_site_name":"toMAgo","article_published_time":"2016-11-05T16:58:14+00:00","article_modified_time":"2026-02-22T19:47:13+00:00","og_image":[{"width":1856,"height":1173,"url":"https:\/\/tomago.net\/wordpress\/wp-content\/uploads\/2016\/11\/2016-11-05-0003-scaled-e1771789614966.jpg","type":"image\/jpeg"}],"author":"gigaly","twitter_card":"summary_large_image","twitter_misc":{"Napisao\/la":"gigaly","Procijenjeno vrijeme \u010ditanja":"1 minuta"},"schema":{"@context":"https:\/\/schema.org","@graph":[{"@type":"Article","@id":"https:\/\/tomago.net\/wordpress\/izlozba-u-kulturnom-centru-travno\/#article","isPartOf":{"@id":"https:\/\/tomago.net\/wordpress\/izlozba-u-kulturnom-centru-travno\/"},"author":{"name":"gigaly","@id":"https:\/\/tomago.net\/wordpress\/#\/schema\/person\/0cea4facb1a1b958c7b369f25c79d242"},"headline":"Izlo\u017eba u Kulturnom centru Travno","datePublished":"2016-11-05T16:58:14+00:00","dateModified":"2026-02-22T19:47:13+00:00","mainEntityOfPage":{"@id":"https:\/\/tomago.net\/wordpress\/izlozba-u-kulturnom-centru-travno\/"},"wordCount":42,"publisher":{"@id":"https:\/\/tomago.net\/wordpress\/#\/schema\/person\/0cea4facb1a1b958c7b369f25c79d242"},"image":{"@id":"https:\/\/tomago.net\/wordpress\/izlozba-u-kulturnom-centru-travno\/#primaryimage"},"thumbnailUrl":"https:\/\/tomago.net\/wordpress\/wp-content\/uploads\/2016\/11\/2016-11-05-0003-scaled-e1771789614966.jpg","keywords":["IZL-S-0010"],"articleSection":["Izlo\u017ebe","Samostalne izlo\u017ebe"],"inLanguage":"hr"},{"@type":"WebPage","@id":"https:\/\/tomago.net\/wordpress\/izlozba-u-kulturnom-centru-travno\/","url":"https:\/\/tomago.net\/wordpress\/izlozba-u-kulturnom-centru-travno\/","name":"Izlo\u017eba u Kulturnom centru Travno - toMAgo","isPartOf":{"@id":"https:\/\/tomago.net\/wordpress\/#website"},"primaryImageOfPage":{"@id":"https:\/\/tomago.net\/wordpress\/izlozba-u-kulturnom-centru-travno\/#primaryimage"},"image":{"@id":"https:\/\/tomago.net\/wordpress\/izlozba-u-kulturnom-centru-travno\/#primaryimage"},"thumbnailUrl":"https:\/\/tomago.net\/wordpress\/wp-content\/uploads\/2016\/11\/2016-11-05-0003-scaled-e1771789614966.jpg","datePublished":"2016-11-05T16:58:14+00:00","dateModified":"2026-02-22T19:47:13+00:00","breadcrumb":{"@id":"https:\/\/tomago.net\/wordpress\/izlozba-u-kulturnom-centru-travno\/#breadcrumb"},"inLanguage":"hr","potentialAction":[{"@type":"ReadAction","target":["https:\/\/tomago.net\/wordpress\/izlozba-u-kulturnom-centru-travno\/"]}]},{"@type":"ImageObject","inLanguage":"hr","@id":"https:\/\/tomago.net\/wordpress\/izlozba-u-kulturnom-centru-travno\/#primaryimage","url":"https:\/\/tomago.net\/wordpress\/wp-content\/uploads\/2016\/11\/2016-11-05-0003-scaled-e1771789614966.jpg","contentUrl":"https:\/\/tomago.net\/wordpress\/wp-content\/uploads\/2016\/11\/2016-11-05-0003-scaled-e1771789614966.jpg","width":1856,"height":1173},{"@type":"BreadcrumbList","@id":"https:\/\/tomago.net\/wordpress\/izlozba-u-kulturnom-centru-travno\/#breadcrumb","itemListElement":[{"@type":"ListItem","position":1,"name":"Po\u010detna stranica","item":"https:\/\/tomago.net\/wordpress\/"},{"@type":"ListItem","position":2,"name":"Izlo\u017eba u Kulturnom centru Travno"}]},{"@type":"WebSite","@id":"https:\/\/tomago.net\/wordpress\/#website","url":"https:\/\/tomago.net\/wordpress\/","name":"toMAgo","description":"\u010dudesan svijet latica","publisher":{"@id":"https:\/\/tomago.net\/wordpress\/#\/schema\/person\/0cea4facb1a1b958c7b369f25c79d242"},"potentialAction":[{"@type":"SearchAction","target":{"@type":"EntryPoint","urlTemplate":"https:\/\/tomago.net\/wordpress\/?s={search_term_string}"},"query-input":{"@type":"PropertyValueSpecification","valueRequired":true,"valueName":"search_term_string"}}],"inLanguage":"hr"},{"@type":["Person","Organization"],"@id":"https:\/\/tomago.net\/wordpress\/#\/schema\/person\/0cea4facb1a1b958c7b369f25c79d242","name":"gigaly","image":{"@type":"ImageObject","inLanguage":"hr","@id":"https:\/\/tomago.net\/wordpress\/wp-content\/uploads\/2023\/03\/tomago_logo-1.jpg","url":"https:\/\/tomago.net\/wordpress\/wp-content\/uploads\/2023\/03\/tomago_logo-1.jpg","contentUrl":"https:\/\/tomago.net\/wordpress\/wp-content\/uploads\/2023\/03\/tomago_logo-1.jpg","width":250,"height":250,"caption":"gigaly"},"logo":{"@id":"https:\/\/tomago.net\/wordpress\/wp-content\/uploads\/2023\/03\/tomago_logo-1.jpg"}}]}},"_links":{"self":[{"href":"https:\/\/tomago.net\/wordpress\/wp-json\/wp\/v2\/posts\/52","targetHints":{"allow":["GET"]}}],"collection":[{"href":"https:\/\/tomago.net\/wordpress\/wp-json\/wp\/v2\/posts"}],"about":[{"href":"https:\/\/tomago.net\/wordpress\/wp-json\/wp\/v2\/types\/post"}],"author":[{"embeddable":true,"href":"https:\/\/tomago.net\/wordpress\/wp-json\/wp\/v2\/users\/1"}],"replies":[{"embeddable":true,"href":"https:\/\/tomago.net\/wordpress\/wp-json\/wp\/v2\/comments?post=52"}],"version-history":[{"count":13,"href":"https:\/\/tomago.net\/wordpress\/wp-json\/wp\/v2\/posts\/52\/revisions"}],"predecessor-version":[{"id":2234,"href":"https:\/\/tomago.net\/wordpress\/wp-json\/wp\/v2\/posts\/52\/revisions\/2234"}],"wp:featuredmedia":[{"embeddable":true,"href":"https:\/\/tomago.net\/wordpress\/wp-json\/wp\/v2\/media\/2233"}],"wp:attachment":[{"href":"https:\/\/tomago.net\/wordpress\/wp-json\/wp\/v2\/media?parent=52"}],"wp:term":[{"taxonomy":"category","embeddable":true,"href":"https:\/\/tomago.net\/wordpress\/wp-json\/wp\/v2\/categories?post=52"},{"taxonomy":"post_tag","embeddable":true,"href":"https:\/\/tomago.net\/wordpress\/wp-json\/wp\/v2\/tags?post=52"}],"curies":[{"name":"wp","href":"https:\/\/api.w.org\/{rel}","templated":true}]}}